{"id":233363,"date":"2025-03-26T18:05:45","date_gmt":"2025-03-26T17:05:45","guid":{"rendered":"https:\/\/www.messinaoggi.it\/website\/2025\/03\/26\/almasri-schlein-a-nordio-chi-ha-deciso-paese-deve-sapere-verita\/"},"modified":"2025-03-26T18:05:45","modified_gmt":"2025-03-26T17:05:45","slug":"almasri-schlein-a-nordio-chi-ha-deciso-paese-deve-sapere-verita","status":"publish","type":"post","link":"https:\/\/www.messinaoggi.it\/website\/2025\/03\/26\/almasri-schlein-a-nordio-chi-ha-deciso-paese-deve-sapere-verita\/","title":{"rendered":"Almasri, Schlein a Nordio \u201cChi ha deciso? Paese deve sapere verit\u00e0\u201d"},"content":{"rendered":"<div>ROMA (ITALPRESS) &#8211; <em>&#8220;La difesa d&#8217;ufficio di un torturatore libico rappresenta una delle pagine pi\u00f9 vergognose a cui questo parlamento \u00e8 stato sottoposto: i fatti sono incontrovertibili e nonostante le omissioni, le falsit\u00e0 e i tentativi di sviare messi in campo dal governo in questi mesi \u00e8 molto chiaro quello che \u00e8 avvenuto&#8221;.<\/em> Lo afferma la segretaria del Pd Elly <strong>Schlein<\/strong> alla Camera, in dichiarazione di voto sulla mozione di sfiducia nei confronti del ministro della Giustizia Carlo <strong>Nordio.<\/strong><div id=\"div-gpt-ad-Messinaoggi.it-DSK-300x250-corpoart\" style=\"text-align:center;margin:0 auto;\"><\/div><\/p>\n<p><em>&#8220;Contravvenendo a un&#8217;esplicita richiesta di arresto della Corte penale internazionale e non rispondendo alle sollecitazioni del procuratore generale l&#8217;arresto non \u00e8 stato convalidato e Almasri non solo \u00e8 stato scarcerato, ma anche riportato a Tripoli con tutti gli onori e con la possibilit\u00e0 di continuare a uccidere, torturare e stuprare, cose di cui \u00e8 accusato<\/em> &#8211; continua Schlein, -. <em>A causa delle vostre omissioni la Procura presso la Corte penale internazionale ha chiesto di deferire l&#8217;Italia all&#8217;Assemblea degli Stati e al Consiglio di sicurezza dell&#8217;Onu per non aver rispettato l&#8217;obbligo di collaborare: lei oggi incolpa la Corte d&#8217;Appello, ma aveva l&#8217;obbligo di intervenire e si \u00e8 sottratto. Poteva far rimanere in carcere un torturatore libico, ma non ha voluto: \u00e8 stata una scelta politica e ne prendiamo atto. Se il problema fosse stato davvero un cavillo procedurale avrebbe dovuto far riarrestare Almasri un minuto dopo: in quei giorni non ha mai interpellato la Corte d&#8217;Appello per fugare i suoi dubbi e nel giorno della scarcerazione ha mentito al paese&#8221;.<\/em><div id=\"videoincontent\" style=\"clear:both\";><\/div><\/p>\n<p><em>&#8220;Abbiamo diritto di sapere se \u00e8 stata Meloni a dirvi di riportare Almasri in Libia con un volo di Stato: le responsabilit\u00e0 di Nordio sono gravi e oggettive, perch\u00e8 non ha fatto nulla pur avendo modo e tempo e ha mentito, vi siete limitati ad attaccare la magistratura e la Corte penale internazionale<\/em> &#8211; ha detto ancora la leader del Pd -. <em>Il Paese ha diritto di sapere la verit\u00e0. Sono costretta a chiedere per l&#8217;ennesima volta perch\u00e8 la presidente del Consiglio non \u00e8 qui e fugge mentre i suoi ministri sono chiamati ad assumersi la responsabilit\u00e0 delle scelte che lei ha imposto o avallato nell&#8217;ombra: noi questa mozione di sfiducia la dovevamo, perch\u00e8 la verit\u00e0 da voi taciuta verr\u00e0 a galla e sar\u00e0 importante con questo voto mettere agli atti cosa avete difeso. Lo dovevamo alle vittime di Almasri, perch\u00e8 vogliamo essere un paese che sta dalla parte dei torturati e non dei torturatori: lo dovevamo agli italiani indignati per la qualit\u00e0 di quello che avete fatto, l&#8217;Italia merita un governo che non abbia un ministro della Giustizia che libera i torturatori mentre mette in carcere i minori, attacca i giudici e non ottempera agli obblighi di legge; Nordio non pu\u00f2 continuare a ricoprire questo ruolo, con convinzione voteremo la sfiducia&#8221;.<\/em><\/p>\n<p>-foto Ipa Agency &#8211;<\/p>\n<p>(ITALPRESS).<\/p><\/div>\n","protected":false},"excerpt":{"rendered":"<p>ROMA (ITALPRESS) &#8211; &#8220;La difesa d&#8217;ufficio di un torturatore libico rappresenta una delle pagine pi\u00f9 vergognose a cui questo parlamento \u00e8 stato sottoposto: i fatti sono incontrovertibili e nonostante le omissioni, le falsit\u00e0 e i tentativi di sviare messi in campo dal governo in questi mesi \u00e8 molto chiaro quello che \u00e8 avvenuto&#8221;. Lo afferma [&hellip;]<\/p>\n","protected":false},"author":18,"featured_media":233364,"comment_status":"closed","ping_status":"closed","sticky":false,"template":"","format":"standard","meta":{"ub_ctt_via":"","_mi_skip_tracking":false},"categories":[446],"tags":[783],"featured_image_src":"https:\/\/www.messinaoggi.it\/website\/wp-content\/uploads\/2025\/03\/20250326_4463.jpg","author_info":{"display_name":"Admin","author_link":"https:\/\/www.messinaoggi.it\/website\/author\/admin\/"},"digistream_id":0,"digistream":false,"_links":{"self":[{"href":"https:\/\/www.messinaoggi.it\/website\/wp-json\/wp\/v2\/posts\/233363"}],"collection":[{"href":"https:\/\/www.messinaoggi.it\/website\/wp-json\/wp\/v2\/posts"}],"about":[{"href":"https:\/\/www.messinaoggi.it\/website\/wp-json\/wp\/v2\/types\/post"}],"author":[{"embeddable":true,"href":"https:\/\/www.messinaoggi.it\/website\/wp-json\/wp\/v2\/users\/18"}],"replies":[{"embeddable":true,"href":"https:\/\/www.messinaoggi.it\/website\/wp-json\/wp\/v2\/comments?post=233363"}],"version-history":[{"count":0,"href":"https:\/\/www.messinaoggi.it\/website\/wp-json\/wp\/v2\/posts\/233363\/revisions"}],"wp:featuredmedia":[{"embeddable":true,"href":"https:\/\/www.messinaoggi.it\/website\/wp-json\/wp\/v2\/media\/233364"}],"wp:attachment":[{"href":"https:\/\/www.messinaoggi.it\/website\/wp-json\/wp\/v2\/media?parent=233363"}],"wp:term":[{"taxonomy":"category","embeddable":true,"href":"https:\/\/www.messinaoggi.it\/website\/wp-json\/wp\/v2\/categories?post=233363"},{"taxonomy":"post_tag","embeddable":true,"href":"https:\/\/www.messinaoggi.it\/website\/wp-json\/wp\/v2\/tags?post=233363"}],"curies":[{"name":"wp","href":"https:\/\/api.w.org\/{rel}","templated":true}]}}