{"id":233357,"date":"2025-03-26T18:05:39","date_gmt":"2025-03-26T17:05:39","guid":{"rendered":"https:\/\/www.messinaoggi.it\/website\/2025\/03\/26\/renzi-centri-albania-allontanano-tirana-da-ue\/"},"modified":"2025-03-26T18:05:39","modified_gmt":"2025-03-26T17:05:39","slug":"renzi-centri-albania-allontanano-tirana-da-ue","status":"publish","type":"post","link":"https:\/\/www.messinaoggi.it\/website\/2025\/03\/26\/renzi-centri-albania-allontanano-tirana-da-ue\/","title":{"rendered":"Renzi \u201cCentri Albania allontanano Tirana da Ue\u201d"},"content":{"rendered":"<div>ROMA (ITALPRESS) &#8211; <em>&#8220;Questo centro non era nato per i migranti che aspettavano la richiesta di asilo: l&#8217;unica soluzione \u00e8 darlo all&#8217;Albania perch\u00e9 possa accogliere i detenuti albanesi in Italia, \u00e8 una proposta di buon senso. Il decreto Albania pu\u00f2 anche arrivare in Consiglio dei ministri, ma se mettiamo 800-900 milioni di euro per un Cpr in Italia se ne potrebbero fare tantissimi: questo \u00e8 un messaggio che per me allontana l&#8217;Albania all&#8217;Unione europea&#8221;.<\/em> Cos\u00ec il <strong>leader di Italia Viva Matteo Renzi a margine della visita al centro migranti di Gjader, in Albania.<\/strong><br \/>\n-foto Ipa Agency &#8211;<br \/>\n(ITALPRESS).<\/div>\n<div id=\"div-gpt-ad-Messinaoggi.it-DSK-300x250-corpoart\" style=\"text-align:center;margin:0 auto;\"><\/div><\/p><div id=\"videoincontent\" style=\"clear:both\";><\/div>","protected":false},"excerpt":{"rendered":"<p>ROMA (ITALPRESS) &#8211; &#8220;Questo centro non era nato per i migranti che aspettavano la richiesta di asilo: l&#8217;unica soluzione \u00e8 darlo all&#8217;Albania perch\u00e9 possa accogliere i detenuti albanesi in Italia, \u00e8 una proposta di buon senso. Il decreto Albania pu\u00f2 anche arrivare in Consiglio dei ministri, ma se mettiamo 800-900 milioni di euro per un [&hellip;]<\/p>\n","protected":false},"author":18,"featured_media":233358,"comment_status":"closed","ping_status":"closed","sticky":false,"template":"","format":"standard","meta":{"ub_ctt_via":"","_mi_skip_tracking":false},"categories":[446],"tags":[783],"featured_image_src":"https:\/\/www.messinaoggi.it\/website\/wp-content\/uploads\/2025\/03\/20250326_4011.jpg","author_info":{"display_name":"Admin","author_link":"https:\/\/www.messinaoggi.it\/website\/author\/admin\/"},"digistream_id":0,"digistream":false,"_links":{"self":[{"href":"https:\/\/www.messinaoggi.it\/website\/wp-json\/wp\/v2\/posts\/233357"}],"collection":[{"href":"https:\/\/www.messinaoggi.it\/website\/wp-json\/wp\/v2\/posts"}],"about":[{"href":"https:\/\/www.messinaoggi.it\/website\/wp-json\/wp\/v2\/types\/post"}],"author":[{"embeddable":true,"href":"https:\/\/www.messinaoggi.it\/website\/wp-json\/wp\/v2\/users\/18"}],"replies":[{"embeddable":true,"href":"https:\/\/www.messinaoggi.it\/website\/wp-json\/wp\/v2\/comments?post=233357"}],"version-history":[{"count":0,"href":"https:\/\/www.messinaoggi.it\/website\/wp-json\/wp\/v2\/posts\/233357\/revisions"}],"wp:featuredmedia":[{"embeddable":true,"href":"https:\/\/www.messinaoggi.it\/website\/wp-json\/wp\/v2\/media\/233358"}],"wp:attachment":[{"href":"https:\/\/www.messinaoggi.it\/website\/wp-json\/wp\/v2\/media?parent=233357"}],"wp:term":[{"taxonomy":"category","embeddable":true,"href":"https:\/\/www.messinaoggi.it\/website\/wp-json\/wp\/v2\/categories?post=233357"},{"taxonomy":"post_tag","embeddable":true,"href":"https:\/\/www.messinaoggi.it\/website\/wp-json\/wp\/v2\/tags?post=233357"}],"curies":[{"name":"wp","href":"https:\/\/api.w.org\/{rel}","templated":true}]}}