{"id":233323,"date":"2025-03-26T14:05:40","date_gmt":"2025-03-26T13:05:40","guid":{"rendered":"https:\/\/www.messinaoggi.it\/website\/2025\/03\/26\/nordio-ministro-non-e-un-passacarte\/"},"modified":"2025-03-26T15:58:39","modified_gmt":"2025-03-26T14:58:39","slug":"nordio-ministro-non-e-un-passacarte","status":"publish","type":"post","link":"https:\/\/www.messinaoggi.it\/website\/2025\/03\/26\/nordio-ministro-non-e-un-passacarte\/","title":{"rendered":"Nordio \u201cMinistro non \u00e8 un passacarte\u201d"},"content":{"rendered":"<div>ROMA (ITALPRESS) &#8211; <em>&#8220;Il ministro della giustizia aveva ampia discrezionalit\u00e0 se approcciare o meno la Corte Penale Internazionale. L&#8217;attivit\u00e0 del ministro non \u00e8 quella di passacarte, ma di un organismo che deve attivare un&#8217;attivit\u00e0 istruttoria o pre-istruttoria soprattutto rapportandosi ad altri organi di governo e non. E pu\u00f2 farlo quando gli atti che gli arrivano dalla Corte Penale Internazionale sono poco convincenti o rivelano inesattezze. E in questo caso lo hanno fatto&#8221;.<\/em> Lo ha detto il ministro della giustizia Carlo <strong>Nordio<\/strong> intervenendo alla <strong>Camera,<\/strong> in occasione della mozione di sfiducia presentata contro di lui dalle opposizioni in merito al caso del generale libico Al-Masri.<div id=\"div-gpt-ad-Messinaoggi.it-DSK-300x250-corpoart\" style=\"text-align:center;margin:0 auto;\"><\/div><\/p>\n<p><em>&#8220;Ho il sospetto che tutti questi attacchi, che ormai proseguono perch\u00e8 arrivano da tutte le parti e nei modi pi\u00f9 fasulli, cominciano a dare la sensazione che si tratti di un attacco programmato e duraturo per evitare la madre di tutte le riforme: la separazione delle carriere e l&#8217;inserimento del sorteggio nel Consiglio Superiore della Magistratura&#8221;<\/em> ha aggiunto <em>&#8220;Quali che siano gli attacchi, noi non vacilleremo n\u00e8 esiteremo. La riforma andr\u00e0 avanti. Pi\u00f9 saranno violenti e impropri gli attacchi contro di noi, pi\u00f9 noi saremo forti e determinati. E se farete del vostro peggio, noi faremo del nostro meglio&#8221;,<\/em> ha concluso Nordio.<div id=\"videoincontent\" style=\"clear:both\";><\/div><\/p>\n<p>Foto: IPA Agency<\/p>\n<p>(ITALPRESS).<\/p><\/div>\n","protected":false},"excerpt":{"rendered":"<p>ROMA (ITALPRESS) &#8211; &#8220;Il ministro della giustizia aveva ampia discrezionalit\u00e0 se approcciare o meno la Corte Penale Internazionale. L&#8217;attivit\u00e0 del ministro non \u00e8 quella di passacarte, ma di un organismo che deve attivare un&#8217;attivit\u00e0 istruttoria o pre-istruttoria soprattutto rapportandosi ad altri organi di governo e non. E pu\u00f2 farlo quando gli atti che gli arrivano [&hellip;]<\/p>\n","protected":false},"author":18,"featured_media":233324,"comment_status":"closed","ping_status":"closed","sticky":false,"template":"","format":"standard","meta":{"ub_ctt_via":"","_mi_skip_tracking":false},"categories":[446,4],"tags":[783],"featured_image_src":"https:\/\/www.messinaoggi.it\/website\/wp-content\/uploads\/2025\/03\/20250326_3065.jpg","author_info":{"display_name":"Admin","author_link":"https:\/\/www.messinaoggi.it\/website\/author\/admin\/"},"digistream_id":0,"digistream":false,"_links":{"self":[{"href":"https:\/\/www.messinaoggi.it\/website\/wp-json\/wp\/v2\/posts\/233323"}],"collection":[{"href":"https:\/\/www.messinaoggi.it\/website\/wp-json\/wp\/v2\/posts"}],"about":[{"href":"https:\/\/www.messinaoggi.it\/website\/wp-json\/wp\/v2\/types\/post"}],"author":[{"embeddable":true,"href":"https:\/\/www.messinaoggi.it\/website\/wp-json\/wp\/v2\/users\/18"}],"replies":[{"embeddable":true,"href":"https:\/\/www.messinaoggi.it\/website\/wp-json\/wp\/v2\/comments?post=233323"}],"version-history":[{"count":1,"href":"https:\/\/www.messinaoggi.it\/website\/wp-json\/wp\/v2\/posts\/233323\/revisions"}],"predecessor-version":[{"id":233330,"href":"https:\/\/www.messinaoggi.it\/website\/wp-json\/wp\/v2\/posts\/233323\/revisions\/233330"}],"wp:featuredmedia":[{"embeddable":true,"href":"https:\/\/www.messinaoggi.it\/website\/wp-json\/wp\/v2\/media\/233324"}],"wp:attachment":[{"href":"https:\/\/www.messinaoggi.it\/website\/wp-json\/wp\/v2\/media?parent=233323"}],"wp:term":[{"taxonomy":"category","embeddable":true,"href":"https:\/\/www.messinaoggi.it\/website\/wp-json\/wp\/v2\/categories?post=233323"},{"taxonomy":"post_tag","embeddable":true,"href":"https:\/\/www.messinaoggi.it\/website\/wp-json\/wp\/v2\/tags?post=233323"}],"curies":[{"name":"wp","href":"https:\/\/api.w.org\/{rel}","templated":true}]}}