{"id":233305,"date":"2025-03-26T12:05:47","date_gmt":"2025-03-26T11:05:47","guid":{"rendered":"https:\/\/www.messinaoggi.it\/website\/2025\/03\/26\/valditara-proporro-larresto-in-flagranza-per-chi-aggredisce-i-prof\/"},"modified":"2025-03-26T12:05:47","modified_gmt":"2025-03-26T11:05:47","slug":"valditara-proporro-larresto-in-flagranza-per-chi-aggredisce-i-prof","status":"publish","type":"post","link":"https:\/\/www.messinaoggi.it\/website\/2025\/03\/26\/valditara-proporro-larresto-in-flagranza-per-chi-aggredisce-i-prof\/","title":{"rendered":"Valditara \u201cProporr\u00f2 l\u2019arresto in flagranza per chi aggredisce i prof\u201d"},"content":{"rendered":"<div>ROMA (ITALPRESS) &#8211;<em> &#8220;Le aggressioni dei genitori ai docenti sono fenomeni sempre pi\u00f9 intollerabili: il mondo della scuola, dopo quello della sanit\u00e0, \u00e8 il pi\u00f9 toccato da queste aggressioni. Un tempo alla figura del professore si dava un rispetto che oggi manca, una societ\u00e0 dove non si riconosce pi\u00f9 l&#8217;autorevolezza e l&#8217;autorit\u00e0 del docente ha fallito&#8221;.<\/em> Cos\u00ec il <strong>ministro<\/strong> dell&#8217;<strong>Istruzione<\/strong> e del Merito Giuseppe <a href=\"https:\/\/www.italpress.com\/scuola-ministero-no-ad-asterisco-e-schwa-nei-documenti-ufficiali\/\" target=\"_blank\" rel=\"noopener noreferrer\"><strong>Valditara<\/strong><\/a> a Mattino cinque news.<div id=\"div-gpt-ad-Messinaoggi.it-DSK-300x250-corpoart\" style=\"text-align:center;margin:0 auto;\"><\/div><\/p>\n<p><em>&#8220;Abbiamo deciso di intervenire innanzitutto rafforzando il valore del voto in condotta, sostituendo le sospensioni con attivit\u00e0 di cittadinanza solidale e adottando sanzioni economiche da 500 a 10mila euro nei confronti dei genitori che aggrediscono<\/em> &#8211; prosegue Valditara -.<em> L&#8217;ultima proposta che intendiamo portare in Consiglio dei ministri \u00e8 la pi\u00f9 forte di tutte e riguarda <\/em><em>l&#8217;arresto in flagranza per chi aggredisce fisicamente un docente&#8221;.<\/em><div id=\"videoincontent\" style=\"clear:both\";><\/div><\/p>\n<p>&#8211; foto Ipa Agency &#8211;<\/p>\n<p>(ITALPRESS).<\/p><\/div>\n","protected":false},"excerpt":{"rendered":"<p>ROMA (ITALPRESS) &#8211; &#8220;Le aggressioni dei genitori ai docenti sono fenomeni sempre pi\u00f9 intollerabili: il mondo della scuola, dopo quello della sanit\u00e0, \u00e8 il pi\u00f9 toccato da queste aggressioni. Un tempo alla figura del professore si dava un rispetto che oggi manca, una societ\u00e0 dove non si riconosce pi\u00f9 l&#8217;autorevolezza e l&#8217;autorit\u00e0 del docente ha [&hellip;]<\/p>\n","protected":false},"author":18,"featured_media":233306,"comment_status":"closed","ping_status":"closed","sticky":false,"template":"","format":"standard","meta":{"ub_ctt_via":"","_mi_skip_tracking":false},"categories":[446],"tags":[783],"featured_image_src":"https:\/\/www.messinaoggi.it\/website\/wp-content\/uploads\/2025\/03\/20250326_2904.jpg","author_info":{"display_name":"Admin","author_link":"https:\/\/www.messinaoggi.it\/website\/author\/admin\/"},"digistream_id":0,"digistream":false,"_links":{"self":[{"href":"https:\/\/www.messinaoggi.it\/website\/wp-json\/wp\/v2\/posts\/233305"}],"collection":[{"href":"https:\/\/www.messinaoggi.it\/website\/wp-json\/wp\/v2\/posts"}],"about":[{"href":"https:\/\/www.messinaoggi.it\/website\/wp-json\/wp\/v2\/types\/post"}],"author":[{"embeddable":true,"href":"https:\/\/www.messinaoggi.it\/website\/wp-json\/wp\/v2\/users\/18"}],"replies":[{"embeddable":true,"href":"https:\/\/www.messinaoggi.it\/website\/wp-json\/wp\/v2\/comments?post=233305"}],"version-history":[{"count":0,"href":"https:\/\/www.messinaoggi.it\/website\/wp-json\/wp\/v2\/posts\/233305\/revisions"}],"wp:featuredmedia":[{"embeddable":true,"href":"https:\/\/www.messinaoggi.it\/website\/wp-json\/wp\/v2\/media\/233306"}],"wp:attachment":[{"href":"https:\/\/www.messinaoggi.it\/website\/wp-json\/wp\/v2\/media?parent=233305"}],"wp:term":[{"taxonomy":"category","embeddable":true,"href":"https:\/\/www.messinaoggi.it\/website\/wp-json\/wp\/v2\/categories?post=233305"},{"taxonomy":"post_tag","embeddable":true,"href":"https:\/\/www.messinaoggi.it\/website\/wp-json\/wp\/v2\/tags?post=233305"}],"curies":[{"name":"wp","href":"https:\/\/api.w.org\/{rel}","templated":true}]}}