{"id":233273,"date":"2025-03-26T10:33:14","date_gmt":"2025-03-26T09:33:14","guid":{"rendered":"http:\/\/www.messinaoggi.it\/website\/?p=233273"},"modified":"2025-03-26T10:33:17","modified_gmt":"2025-03-26T09:33:17","slug":"germana-lega-piu-fondi-per-la-sanita-siciliana","status":"publish","type":"post","link":"https:\/\/www.messinaoggi.it\/website\/2025\/03\/26\/germana-lega-piu-fondi-per-la-sanita-siciliana\/","title":{"rendered":"German\u00e0 (Lega): &#8220;Pi\u00f9 fondi per la Sanit\u00e0 siciliana&#8221;"},"content":{"rendered":"\n<p>\u201cLa manovra finanziaria che si sta affacciando sul parlamento regionale dovr\u00e0 essere snella e dedicata alle emergenze. Abbiamo condiviso, nel vertice di maggioranza convocato dal presidente Renato Schifani, le logiche che dovranno presiedere alla stesura del testo, senza norme pletoriche e interventi omnibus. Come Lega vogliamo sottolineare l\u2019importanza dello stanziamento per colmare il gap del nuovo nomenclatore sulle tariffe sanitarie. Riteniamo che i 15 milioni previsti per tale misura siano un aiuto concreto al comparto della sanit\u00e0 privata ed a quelle strutture che erogano servizi essenziali per il cittadino e per la garanzia del diritto alla salute. Per il resto, abbiamo valutato positivamente anche gli interventi contro la povert\u00e0 e la eliminazione dei diritti d\u2019imbarco verso gli aeroporti minori della Sicilia\u201d. <div id=\"div-gpt-ad-Messinaoggi.it-DSK-300x250-corpoart\" style=\"text-align:center;margin:0 auto;\"><\/div><\/p>\n\n\n\n<p>Lo afferma il senatore Nino German\u00e0, commissario regionale della Lega in Sicilia.<div id=\"videoincontent\" style=\"clear:both\";><\/div><\/p>\n","protected":false},"excerpt":{"rendered":"<p>\u201cLa manovra finanziaria che si sta affacciando sul parlamento regionale dovr\u00e0 essere snella e dedicata alle emergenze. Abbiamo condiviso, nel vertice di maggioranza convocato dal presidente Renato Schifani, le logiche che dovranno presiedere alla stesura del testo, senza norme pletoriche e interventi omnibus. Come Lega vogliamo sottolineare l\u2019importanza dello stanziamento per colmare il gap del [&hellip;]<\/p>\n","protected":false},"author":2,"featured_media":198585,"comment_status":"open","ping_status":"open","sticky":false,"template":"","format":"standard","meta":{"ub_ctt_via":"","_mi_skip_tracking":false},"categories":[19],"tags":[],"featured_image_src":"https:\/\/www.messinaoggi.it\/website\/wp-content\/uploads\/2024\/05\/0-1-1.jpg","author_info":{"display_name":"Redazione","author_link":"https:\/\/www.messinaoggi.it\/website\/author\/redazione\/"},"digistream_id":0,"digistream":false,"_links":{"self":[{"href":"https:\/\/www.messinaoggi.it\/website\/wp-json\/wp\/v2\/posts\/233273"}],"collection":[{"href":"https:\/\/www.messinaoggi.it\/website\/wp-json\/wp\/v2\/posts"}],"about":[{"href":"https:\/\/www.messinaoggi.it\/website\/wp-json\/wp\/v2\/types\/post"}],"author":[{"embeddable":true,"href":"https:\/\/www.messinaoggi.it\/website\/wp-json\/wp\/v2\/users\/2"}],"replies":[{"embeddable":true,"href":"https:\/\/www.messinaoggi.it\/website\/wp-json\/wp\/v2\/comments?post=233273"}],"version-history":[{"count":1,"href":"https:\/\/www.messinaoggi.it\/website\/wp-json\/wp\/v2\/posts\/233273\/revisions"}],"predecessor-version":[{"id":233274,"href":"https:\/\/www.messinaoggi.it\/website\/wp-json\/wp\/v2\/posts\/233273\/revisions\/233274"}],"wp:featuredmedia":[{"embeddable":true,"href":"https:\/\/www.messinaoggi.it\/website\/wp-json\/wp\/v2\/media\/198585"}],"wp:attachment":[{"href":"https:\/\/www.messinaoggi.it\/website\/wp-json\/wp\/v2\/media?parent=233273"}],"wp:term":[{"taxonomy":"category","embeddable":true,"href":"https:\/\/www.messinaoggi.it\/website\/wp-json\/wp\/v2\/categories?post=233273"},{"taxonomy":"post_tag","embeddable":true,"href":"https:\/\/www.messinaoggi.it\/website\/wp-json\/wp\/v2\/tags?post=233273"}],"curies":[{"name":"wp","href":"https:\/\/api.w.org\/{rel}","templated":true}]}}