{"id":233259,"date":"2025-03-26T00:05:42","date_gmt":"2025-03-25T23:05:42","guid":{"rendered":"https:\/\/www.messinaoggi.it\/website\/2025\/03\/26\/trump-sta-con-vance-e-attacca-gli-europei-sono-dei-parassiti\/"},"modified":"2025-03-26T00:05:42","modified_gmt":"2025-03-25T23:05:42","slug":"trump-sta-con-vance-e-attacca-gli-europei-sono-dei-parassiti","status":"publish","type":"post","link":"https:\/\/www.messinaoggi.it\/website\/2025\/03\/26\/trump-sta-con-vance-e-attacca-gli-europei-sono-dei-parassiti\/","title":{"rendered":"Trump sta con Vance e attacca \u201cGli europei sono dei parassiti\u201d"},"content":{"rendered":"<div>WASHINGTON (STATI UNITI) (ITALPRESS) &#8211; Mentre l&#8217;Europa studia nuove strategie per rispondere ai dazi del presidente Donald Trump e cerca di comprendere il cambiamento dell&#8217;assetto geopolitico in merito alle guerre in Ucraina e Medio Oriente, i funzionari dell&#8217;amministrazione Trump hanno recentemente espresso il loro disprezzo per l&#8217;Europa all&#8217;interno di una chat nell&#8217;app di messaggistica Signal, creata per pianificare l&#8217;attacco allo Yemen. Una discussione ricca di commenti in cui gli europei sono stati descritti come &#8220;parassiti geopolitici&#8221;.<br \/>\nA rendere noti i contenuti della chat \u00e8 stato Jeffrey Goldberg, direttore della testata &#8220;The Atlantic&#8221;, inserito inavvertitamente nella conversazione: &#8220;Non sopporto di dover salvare di nuovo gli europei&#8221;, ha scritto il vicepresidente JD Vance, ritenendo che gli attacchi avrebbero giovato molto di pi\u00f9 all&#8217;Europa che agli Stati Uniti.<br \/>\nA seguito della pubblicazione della chat lo stesso Trump ha ribadito pubblicamente di condividere la teoria di Vance: &#8220;Sono parassiti, lo sono stati per anni, ma non li biasimo, biasimo Biden&#8221;, ha affermato.<br \/>\nIn seguito al messaggio di Vance, anche il segretario della difesa ha reso noto nella chat il suo astio nei confronti dell&#8217;Europa: &#8220;Condivido pienamente il tuo odio per gli scrocconi europei, \u00e8 patetico&#8221;.<br \/>\nA pochi giorni dal suo insediamento JD Vance, parlando dal palco della conferenza di Monaco, si era gi\u00e0 espresso in modo critico nei confronti dell&#8217;Europa: &#8220;La minaccia che mi preoccupa di pi\u00f9 per l&#8217;Europa non \u00e8 la Russia, non \u00e8 la Cina, non \u00e8 nessun altro attore esterno &#8211; ha affermato Vance -. Quello che mi preoccupa \u00e8 la minaccia interna, il ritiro dell&#8217;Europa da alcuni dei suoi valori fondamentali, valori che sono condivisi con gli Stati Uniti d&#8217;America&#8221;.<div id=\"div-gpt-ad-Messinaoggi.it-DSK-300x250-corpoart\" style=\"text-align:center;margin:0 auto;\"><\/div><\/p>\n<p>&#8211; foto Ipa Agency &#8211;<br \/>\n(ITALPRESS).<div id=\"videoincontent\" style=\"clear:both\";><\/div><\/p><\/div>\n","protected":false},"excerpt":{"rendered":"<p>WASHINGTON (STATI UNITI) (ITALPRESS) &#8211; Mentre l&#8217;Europa studia nuove strategie per rispondere ai dazi del presidente Donald Trump e cerca di comprendere il cambiamento dell&#8217;assetto geopolitico in merito alle guerre in Ucraina e Medio Oriente, i funzionari dell&#8217;amministrazione Trump hanno recentemente espresso il loro disprezzo per l&#8217;Europa all&#8217;interno di una chat nell&#8217;app di messaggistica Signal, [&hellip;]<\/p>\n","protected":false},"author":18,"featured_media":233260,"comment_status":"closed","ping_status":"closed","sticky":false,"template":"","format":"standard","meta":{"ub_ctt_via":"","_mi_skip_tracking":false},"categories":[446],"tags":[783],"featured_image_src":"https:\/\/www.messinaoggi.it\/website\/wp-content\/uploads\/2025\/03\/Trump-e-Pence.jpeg","author_info":{"display_name":"Admin","author_link":"https:\/\/www.messinaoggi.it\/website\/author\/admin\/"},"digistream_id":0,"digistream":false,"_links":{"self":[{"href":"https:\/\/www.messinaoggi.it\/website\/wp-json\/wp\/v2\/posts\/233259"}],"collection":[{"href":"https:\/\/www.messinaoggi.it\/website\/wp-json\/wp\/v2\/posts"}],"about":[{"href":"https:\/\/www.messinaoggi.it\/website\/wp-json\/wp\/v2\/types\/post"}],"author":[{"embeddable":true,"href":"https:\/\/www.messinaoggi.it\/website\/wp-json\/wp\/v2\/users\/18"}],"replies":[{"embeddable":true,"href":"https:\/\/www.messinaoggi.it\/website\/wp-json\/wp\/v2\/comments?post=233259"}],"version-history":[{"count":0,"href":"https:\/\/www.messinaoggi.it\/website\/wp-json\/wp\/v2\/posts\/233259\/revisions"}],"wp:featuredmedia":[{"embeddable":true,"href":"https:\/\/www.messinaoggi.it\/website\/wp-json\/wp\/v2\/media\/233260"}],"wp:attachment":[{"href":"https:\/\/www.messinaoggi.it\/website\/wp-json\/wp\/v2\/media?parent=233259"}],"wp:term":[{"taxonomy":"category","embeddable":true,"href":"https:\/\/www.messinaoggi.it\/website\/wp-json\/wp\/v2\/categories?post=233259"},{"taxonomy":"post_tag","embeddable":true,"href":"https:\/\/www.messinaoggi.it\/website\/wp-json\/wp\/v2\/tags?post=233259"}],"curies":[{"name":"wp","href":"https:\/\/api.w.org\/{rel}","templated":true}]}}