{"id":233165,"date":"2025-03-25T12:05:44","date_gmt":"2025-03-25T11:05:44","guid":{"rendered":"https:\/\/www.messinaoggi.it\/website\/2025\/03\/25\/mattarella-gratitudine-e-apprezzamento-alla-polizia-penitenziaria\/"},"modified":"2025-03-25T12:05:44","modified_gmt":"2025-03-25T11:05:44","slug":"mattarella-gratitudine-e-apprezzamento-alla-polizia-penitenziaria","status":"publish","type":"post","link":"https:\/\/www.messinaoggi.it\/website\/2025\/03\/25\/mattarella-gratitudine-e-apprezzamento-alla-polizia-penitenziaria\/","title":{"rendered":"Mattarella \u201cGratitudine e apprezzamento alla Polizia penitenziaria\u201d"},"content":{"rendered":"<div>ROMA (ITALPRESS) &#8211; &#8220;In occasione del 208\u00b0 anniversario della costituzione del Corpo, sono lieto di esprimere gratitudine e apprezzamento alle donne e agli uomini della Polizia penitenziaria per il costante e generoso impegno al servizio dello Stato&#8221;. E&#8217; quanto dichiara il Presidente della Repubblica, Sergio Mattarella, in occasione del 208\u00b0 anniversario di fondazione del Corpo della Polizia penitenziaria. <br \/>&#8220;La Polizia penitenziaria &#8211; sottolinea &#8211; \u00e8 chiamata quotidianamente a fronteggiare difficili situazioni di tensione e sofferenza, sempre pi\u00f9 frequenti a causa del grave fenomeno di sovraffollamento in atto. L&#8217;elevata professionalit\u00e0 e lo spirito di servizio degli appartenenti al Corpo arrecano un determinante contributo all&#8217;attuazione del principio costituzionale della funzione rieducativa della pena per il possibile reinserimento nella vita sociale dei detenuti, nonostante le assai critiche condizioni del sistema carcerario. In questa giornata, rinnovo a nome della Repubblica sentite espressioni di riconoscenza e di sostegno al personale della Polizia penitenziaria e, al contempo, rivolgo un commosso pensiero a quanti hanno perso la vita o sono rimasti feriti nell&#8217;adempimento del loro dovere&#8221;, conclude il Capo dello Stato.<br \/>&#8211; foto ufficio stampa Quirinale &#8211;<br \/>(ITALPRESS).<\/div>\n<div id=\"div-gpt-ad-Messinaoggi.it-DSK-300x250-corpoart\" style=\"text-align:center;margin:0 auto;\"><\/div><\/p><div id=\"videoincontent\" style=\"clear:both\";><\/div>","protected":false},"excerpt":{"rendered":"<p>ROMA (ITALPRESS) &#8211; &#8220;In occasione del 208\u00b0 anniversario della costituzione del Corpo, sono lieto di esprimere gratitudine e apprezzamento alle donne e agli uomini della Polizia penitenziaria per il costante e generoso impegno al servizio dello Stato&#8221;. E&#8217; quanto dichiara il Presidente della Repubblica, Sergio Mattarella, in occasione del 208\u00b0 anniversario di fondazione del Corpo [&hellip;]<\/p>\n","protected":false},"author":18,"featured_media":233166,"comment_status":"closed","ping_status":"closed","sticky":false,"template":"","format":"standard","meta":{"ub_ctt_via":"","_mi_skip_tracking":false},"categories":[446],"tags":[783],"featured_image_src":"https:\/\/www.messinaoggi.it\/website\/wp-content\/uploads\/2025\/03\/20250325_0190.jpg","author_info":{"display_name":"Admin","author_link":"https:\/\/www.messinaoggi.it\/website\/author\/admin\/"},"digistream_id":0,"digistream":false,"_links":{"self":[{"href":"https:\/\/www.messinaoggi.it\/website\/wp-json\/wp\/v2\/posts\/233165"}],"collection":[{"href":"https:\/\/www.messinaoggi.it\/website\/wp-json\/wp\/v2\/posts"}],"about":[{"href":"https:\/\/www.messinaoggi.it\/website\/wp-json\/wp\/v2\/types\/post"}],"author":[{"embeddable":true,"href":"https:\/\/www.messinaoggi.it\/website\/wp-json\/wp\/v2\/users\/18"}],"replies":[{"embeddable":true,"href":"https:\/\/www.messinaoggi.it\/website\/wp-json\/wp\/v2\/comments?post=233165"}],"version-history":[{"count":0,"href":"https:\/\/www.messinaoggi.it\/website\/wp-json\/wp\/v2\/posts\/233165\/revisions"}],"wp:featuredmedia":[{"embeddable":true,"href":"https:\/\/www.messinaoggi.it\/website\/wp-json\/wp\/v2\/media\/233166"}],"wp:attachment":[{"href":"https:\/\/www.messinaoggi.it\/website\/wp-json\/wp\/v2\/media?parent=233165"}],"wp:term":[{"taxonomy":"category","embeddable":true,"href":"https:\/\/www.messinaoggi.it\/website\/wp-json\/wp\/v2\/categories?post=233165"},{"taxonomy":"post_tag","embeddable":true,"href":"https:\/\/www.messinaoggi.it\/website\/wp-json\/wp\/v2\/tags?post=233165"}],"curies":[{"name":"wp","href":"https:\/\/api.w.org\/{rel}","templated":true}]}}