{"id":23293,"date":"2018-08-15T01:00:38","date_gmt":"2018-08-14T23:00:38","guid":{"rendered":"http:\/\/www.messinaoggi.it\/website\/?p=23293"},"modified":"2018-08-15T01:00:38","modified_gmt":"2018-08-14T23:00:38","slug":"salvini-a-messina-de-luca-il-governo-dira-si-allo-stato-di-eemrgenza-abitativa","status":"publish","type":"post","link":"https:\/\/www.messinaoggi.it\/website\/2018\/08\/15\/salvini-a-messina-de-luca-il-governo-dira-si-allo-stato-di-eemrgenza-abitativa\/","title":{"rendered":"Salvini a Messina, De Luca: &quot;Il Governo dir\u00e0 s\u00ec allo stato di emergenza abitativa&quot;"},"content":{"rendered":"<p style=\"text-align: justify;\">Mangiare una granita in mezzo alle baracche. Questo l\u2019invito goliardico che il sindaco, Cateno De Luca, aveva lanciato appena qualche al Ministro dell\u2019Interno, Matteo Salvini, in attesa della venuta del vicepremier a Messina. Chiara la volont\u00e0 del primo cittadino di far entrare nell\u2019agenda del Governo \u00a0la tematica dello sbaraccamento e del risanamento, in questo senso De Luca ha raccolto l\u2019adesione unanime dell\u2019intera deputazione messinese. Nell\u2019incontro di ieri, per\u00f2, \u00e8 sorta qualche diversit\u00e0 di veduta circa la gestione dell\u2019assegnazione degli alloggi, ma tutti gli onorevoli hanno mostrato la massima disponibilit\u00e0 nel porre fine alla pi\u00f9 vergognosa e datata piaga cittadina.<div id=\"div-gpt-ad-Messinaoggi.it-DSK-300x250-corpoart\" style=\"text-align:center;margin:0 auto;\"><\/div><\/p>\n<p style=\"text-align: justify;\">Serviva per\u00f2 la \u201cbenedizione\u201d di un esponente del Governo, De Luca ha raccolto la palla al balzo raccogliendo l\u2019impegno di Salvini: Ho avuto un colloquio con il ministro degli interni Matteo Salvini in merito alla mia ordinanza di sgombero delle 2000 famiglie che ancora vivono nelle baracche.Il ministro Ha condiviso il nostro deciso approccio e ci ha promesso che sosterr\u00e0 la nostra richiesta della dichiarazione di stato di emergenza che abbiamo inoltrato qualche giorno fa. Il ministro ha dichiarato che ritorner\u00e0 a Messina per la questione baracche\u201d.<div id=\"videoincontent\" style=\"clear:both\";><\/div><\/p>\n<p> <br \/>\n <\/p>\n","protected":false},"excerpt":{"rendered":"<p>Mangiare una granita in mezzo alle baracche. Questo l\u2019invito goliardico che il sindaco, Cateno De Luca, aveva lanciato appena qualche al Ministro dell\u2019Interno, Matteo Salvini, in attesa della venuta del vicepremier a Messina. Chiara la volont\u00e0 del primo cittadino di far entrare nell\u2019agenda del Governo \u00a0la tematica dello sbaraccamento e del risanamento, in questo senso [&hellip;]<\/p>\n","protected":false},"author":14,"featured_media":23294,"comment_status":"closed","ping_status":"open","sticky":false,"template":"","format":"standard","meta":{"ub_ctt_via":"","_mi_skip_tracking":false},"categories":[6],"tags":[],"featured_image_src":"https:\/\/www.messinaoggi.it\/website\/wp-content\/uploads\/2018\/08\/de-luca-salvini-1.jpg","author_info":{"display_name":"Antonio Macauda","author_link":"https:\/\/www.messinaoggi.it\/website\/author\/a-macauda\/"},"digistream_id":0,"digistream":false,"_links":{"self":[{"href":"https:\/\/www.messinaoggi.it\/website\/wp-json\/wp\/v2\/posts\/23293"}],"collection":[{"href":"https:\/\/www.messinaoggi.it\/website\/wp-json\/wp\/v2\/posts"}],"about":[{"href":"https:\/\/www.messinaoggi.it\/website\/wp-json\/wp\/v2\/types\/post"}],"author":[{"embeddable":true,"href":"https:\/\/www.messinaoggi.it\/website\/wp-json\/wp\/v2\/users\/14"}],"replies":[{"embeddable":true,"href":"https:\/\/www.messinaoggi.it\/website\/wp-json\/wp\/v2\/comments?post=23293"}],"version-history":[{"count":0,"href":"https:\/\/www.messinaoggi.it\/website\/wp-json\/wp\/v2\/posts\/23293\/revisions"}],"wp:featuredmedia":[{"embeddable":true,"href":"https:\/\/www.messinaoggi.it\/website\/wp-json\/wp\/v2\/media\/23294"}],"wp:attachment":[{"href":"https:\/\/www.messinaoggi.it\/website\/wp-json\/wp\/v2\/media?parent=23293"}],"wp:term":[{"taxonomy":"category","embeddable":true,"href":"https:\/\/www.messinaoggi.it\/website\/wp-json\/wp\/v2\/categories?post=23293"},{"taxonomy":"post_tag","embeddable":true,"href":"https:\/\/www.messinaoggi.it\/website\/wp-json\/wp\/v2\/tags?post=23293"}],"curies":[{"name":"wp","href":"https:\/\/api.w.org\/{rel}","templated":true}]}}