{"id":232700,"date":"2025-03-21T11:16:31","date_gmt":"2025-03-21T10:16:31","guid":{"rendered":"http:\/\/www.messinaoggi.it\/website\/?p=232700"},"modified":"2025-03-22T11:02:58","modified_gmt":"2025-03-22T10:02:58","slug":"ce-la-nuova-segreteria-provinciale-il-pd-rilancia-su-unita-e-territorio","status":"publish","type":"post","link":"https:\/\/www.messinaoggi.it\/website\/2025\/03\/21\/ce-la-nuova-segreteria-provinciale-il-pd-rilancia-su-unita-e-territorio\/","title":{"rendered":"C&#8217;\u00e8 la nuova segreteria provinciale, il PD rilancia su unit\u00e0 e territorio"},"content":{"rendered":"\n<p>Si \u00e8 tenuta ieri pomeriggio, presso i locali del Palacultura di Messina, la prima riunione della Direzione Provinciale del Partito Democratico (PD) messinese. In questa occasione, il segretario provinciale <strong>Armando Hyerace<\/strong> ha ufficializzato la composizione della nuova segreteria provinciale, delineando la squadra che lo affiancher\u00e0 nel suo mandato.<div id=\"div-gpt-ad-Messinaoggi.it-DSK-300x250-corpoart\" style=\"text-align:center;margin:0 auto;\"><\/div><\/p>\n\n\n\n<p>La nuova segreteria nasce nel segno della ritrovata unit\u00e0 nel PD messinese, dopo l&#8217;elezione, lo scorso 8 marzo, di <strong>Valentina Martino<\/strong>, sostenitrice dell&#8217;area di <strong>Alessandro Russo<\/strong>, con la ricomposizione della frattura tra il candidato sconfitto al congresso ed il segretario provinciale eletto.<div id=\"videoincontent\" style=\"clear:both\";><\/div><\/p>\n\n\n\n<p>La nuova segreteria provinciale del PD di Messina \u00e8 cos\u00ec composta:<\/p>\n\n\n\n<p>Segretario Provinciale: <strong>Armando Hyerace<\/strong><\/p>\n\n\n\n<p>Vicesegretaria: <strong>Maria Flavia Timbro<\/strong><\/p>\n\n\n\n<p>Vicesegretario: <strong>Simone Bongiorno<\/strong><\/p>\n\n\n\n<p>Responsabile Organizzazione: <strong>Nino Arrigo<\/strong><\/p>\n\n\n\n<p>Contrasto alle Mafie, Legalit\u00e0 e Trasparenza: <strong>Mariella Donato<\/strong><\/p>\n\n\n\n<p>Enti Locali e Circoli: <strong>Vincenzo Amato<\/strong><\/p>\n\n\n\n<p>Coesione Territoriale e Aree Interne: <strong>Lidia Gaudio<\/strong><\/p>\n\n\n\n<p>Lavoro, Terzo Settore e Associazionismo: <strong>Roberta Saia<\/strong><\/p>\n\n\n\n<p>Scuola, Formazione e Lotta alla Povert\u00e0 Educativa: <strong>Domizia Arrigo<\/strong><\/p>\n\n\n\n<p>Ambiente, Innovazione, Transizione Ecologica e Digitale: <strong>Giuseppe Cannistr\u00e0<\/strong><\/p>\n\n\n\n<p>Politiche Sociali e Politiche per lo Sport: <strong>Loredana Garufi<\/strong><\/p>\n\n\n\n<p>Servizi Pubblici Essenziali e Decentramento Amministrativo: <strong>Renato Coletta<\/strong><\/p>\n\n\n\n<p>Politiche Giovanili, Culture e Universit\u00e0: <strong>Khadja Tuijri<\/strong><\/p>\n\n\n\n<p>Turismo, Politiche Agricole e Tesseramento: <strong>Angelo Casablanca<\/strong><\/p>\n\n\n\n<p>Politiche di Genere, Democrazia Paritaria e Lotta alle Diseguaglianze: <strong>Laura Giuffrida<\/strong><\/p>\n\n\n\n<p>Inoltre, <strong>Nicol\u00f2 Di Marco<\/strong>, segretario dei Giovani Democratici, sar\u00e0 invitato permanente nella segreteria.<\/p>\n\n\n\n<p>Durante la riunione, Hyerace ha sottolineato l&#8217;importanza della Direzione Provinciale come organo di indirizzo politico, evidenziando la necessit\u00e0 di una crescente coesione e responsabilit\u00e0 collettiva all&#8217;interno del partito. La segreteria provinciale si riunir\u00e0 nuovamente sabato mattina per approfondire le deleghe assegnate a ciascun componente e per tracciare gli obiettivi futuri, anche in vista delle prossime elezioni per il Consiglio Metropolitano.<\/p>\n\n\n\n<p>L&#8217;incontro ha rappresentato un passo significativo per il PD messinese, segnando l&#8217;inizio di una nuova fase politica caratterizzata da un rinnovato impegno verso le sfide future e le esigenze del territorio.<\/p>\n","protected":false},"excerpt":{"rendered":"<p>Si \u00e8 tenuta ieri pomeriggio, presso i locali del Palacultura di Messina, la prima riunione della Direzione Provinciale del Partito Democratico (PD) messinese. In questa occasione, il segretario provinciale Armando Hyerace ha ufficializzato la composizione della nuova segreteria provinciale, delineando la squadra che lo affiancher\u00e0 nel suo mandato. La nuova segreteria nasce nel segno della [&hellip;]<\/p>\n","protected":false},"author":15,"featured_media":223897,"comment_status":"open","ping_status":"open","sticky":false,"template":"","format":"standard","meta":{"ub_ctt_via":"","_mi_skip_tracking":false},"categories":[4],"tags":[2185,9727,3610,5344,6650,11407],"featured_image_src":"https:\/\/www.messinaoggi.it\/website\/wp-content\/uploads\/2024\/12\/FB_IMG_1735645040176-e1748333232766.jpg","author_info":{"display_name":"red.me","author_link":"https:\/\/www.messinaoggi.it\/website\/author\/red-me\/"},"digistream_id":0,"digistream":false,"_links":{"self":[{"href":"https:\/\/www.messinaoggi.it\/website\/wp-json\/wp\/v2\/posts\/232700"}],"collection":[{"href":"https:\/\/www.messinaoggi.it\/website\/wp-json\/wp\/v2\/posts"}],"about":[{"href":"https:\/\/www.messinaoggi.it\/website\/wp-json\/wp\/v2\/types\/post"}],"author":[{"embeddable":true,"href":"https:\/\/www.messinaoggi.it\/website\/wp-json\/wp\/v2\/users\/15"}],"replies":[{"embeddable":true,"href":"https:\/\/www.messinaoggi.it\/website\/wp-json\/wp\/v2\/comments?post=232700"}],"version-history":[{"count":2,"href":"https:\/\/www.messinaoggi.it\/website\/wp-json\/wp\/v2\/posts\/232700\/revisions"}],"predecessor-version":[{"id":232702,"href":"https:\/\/www.messinaoggi.it\/website\/wp-json\/wp\/v2\/posts\/232700\/revisions\/232702"}],"wp:featuredmedia":[{"embeddable":true,"href":"https:\/\/www.messinaoggi.it\/website\/wp-json\/wp\/v2\/media\/223897"}],"wp:attachment":[{"href":"https:\/\/www.messinaoggi.it\/website\/wp-json\/wp\/v2\/media?parent=232700"}],"wp:term":[{"taxonomy":"category","embeddable":true,"href":"https:\/\/www.messinaoggi.it\/website\/wp-json\/wp\/v2\/categories?post=232700"},{"taxonomy":"post_tag","embeddable":true,"href":"https:\/\/www.messinaoggi.it\/website\/wp-json\/wp\/v2\/tags?post=232700"}],"curies":[{"name":"wp","href":"https:\/\/api.w.org\/{rel}","templated":true}]}}