{"id":232573,"date":"2025-03-20T13:10:27","date_gmt":"2025-03-20T12:10:27","guid":{"rendered":"http:\/\/www.messinaoggi.it\/website\/?p=232573"},"modified":"2025-03-20T13:10:31","modified_gmt":"2025-03-20T12:10:31","slug":"risanamento-fi-nessuna-divisione-interna","status":"publish","type":"post","link":"https:\/\/www.messinaoggi.it\/website\/2025\/03\/20\/risanamento-fi-nessuna-divisione-interna\/","title":{"rendered":"Risanamento, FI: &#8220;Nessuna divisione interna&#8221;"},"content":{"rendered":"\n<p>Forza Italia interviene sul dibattito sul risanamento a Messina, rassicurano su divisioni interne e chiarendo le sue posizioni. <div id=\"div-gpt-ad-Messinaoggi.it-DSK-300x250-corpoart\" style=\"text-align:center;margin:0 auto;\"><\/div><\/p>\n\n\n\n<p>\u201cNon ci sono due fronde contrapposte, tantomeno divisioni dentro Forza Italia a Messina\u201d. Lo chiarisce la consigliera comunale degli azzurri <strong>Cettina<\/strong> <strong>Buonocore<\/strong>, che replica alle ultime esternazioni del Pd sul risanamento.<div id=\"videoincontent\" style=\"clear:both\";><\/div><\/p>\n\n\n\n<p>\u201cDi divisioni politiche, di tensioni in citt\u00e0 e nella segretarie regionale sono certamente pi\u00f9 esperti di noi &#8211; aggiunge &#8211; non dimentichiamo che per un anno non sono riusciti a eleggere un segretario in citt\u00e0 e, una parte del partito, a lungo, non ha digerito l\u2019elezione del segretario, fatta alla resa dei conti\u201d.<\/p>\n\n\n\n<p>\u201cTutto ci\u00f2 &#8211; riflette Buonocore &#8211; si evidenza sulla linea politica: una volta a sostegno di una determinata posizione o persona, il giorno dopo l\u2019esatto contrario\u201d.<\/p>\n\n\n\n<p>Sul risanamento l\u2019esponente politica chiarisce, \u201cabbiamo sempre spiegato che non \u00e8 un tema da politicizzare. Ha un valore cos\u00ec alto e sociale che la politica non pu\u00f2 specularci sopra. Anzi, dobbiamo, o dovremmo, essere tutti d\u2019accordo per sostenere le soluzioni migliori che portino al completamento del risanamento a Messina e a dare la dignit\u00e0 di una vera casa ai messinesi e alle loro famiglie, come gi\u00e0 si \u00e8 fatto per molti di questi\u201d.<\/p>\n\n\n\n<p>Sempre sulla vicenda risanamento prende posizione anche il segretario cittadino del partito <strong>Antonio Barbera<\/strong>: <\/p>\n\n\n\n<p>\u201cCome Forza Italia Messina vigileremo affinch\u00e9 non ci siano rallentamenti, ma siamo certi che non ce ne saranno, n\u00e9 da parte del subcommissario, n\u00e9 da parte del Comune e pretendiamo chiarezza sulle rispettive competenze, soprattutto nei rapporti con Arisme, nell\u2019interesse dei cittadini residenti nelle zone da sbaraccare e soprattutto dei pi\u00f9 fragili che non possono essere ghettizzati nelle aree di sbaraccamento dove risiedono\u201d.<\/p>\n","protected":false},"excerpt":{"rendered":"<p>Forza Italia interviene sul dibattito sul risanamento a Messina, rassicurano su divisioni interne e chiarendo le sue posizioni. \u201cNon ci sono due fronde contrapposte, tantomeno divisioni dentro Forza Italia a Messina\u201d. Lo chiarisce la consigliera comunale degli azzurri Cettina Buonocore, che replica alle ultime esternazioni del Pd sul risanamento. \u201cDi divisioni politiche, di tensioni in [&hellip;]<\/p>\n","protected":false},"author":15,"featured_media":232577,"comment_status":"open","ping_status":"open","sticky":false,"template":"","format":"standard","meta":{"ub_ctt_via":"","_mi_skip_tracking":false},"categories":[4,6],"tags":[4491,11406,625,642],"featured_image_src":"https:\/\/www.messinaoggi.it\/website\/wp-content\/uploads\/2025\/03\/IMG-20250320-WA0016-e1742472588793.jpg","author_info":{"display_name":"red.me","author_link":"https:\/\/www.messinaoggi.it\/website\/author\/red-me\/"},"digistream_id":0,"digistream":false,"_links":{"self":[{"href":"https:\/\/www.messinaoggi.it\/website\/wp-json\/wp\/v2\/posts\/232573"}],"collection":[{"href":"https:\/\/www.messinaoggi.it\/website\/wp-json\/wp\/v2\/posts"}],"about":[{"href":"https:\/\/www.messinaoggi.it\/website\/wp-json\/wp\/v2\/types\/post"}],"author":[{"embeddable":true,"href":"https:\/\/www.messinaoggi.it\/website\/wp-json\/wp\/v2\/users\/15"}],"replies":[{"embeddable":true,"href":"https:\/\/www.messinaoggi.it\/website\/wp-json\/wp\/v2\/comments?post=232573"}],"version-history":[{"count":3,"href":"https:\/\/www.messinaoggi.it\/website\/wp-json\/wp\/v2\/posts\/232573\/revisions"}],"predecessor-version":[{"id":232576,"href":"https:\/\/www.messinaoggi.it\/website\/wp-json\/wp\/v2\/posts\/232573\/revisions\/232576"}],"wp:featuredmedia":[{"embeddable":true,"href":"https:\/\/www.messinaoggi.it\/website\/wp-json\/wp\/v2\/media\/232577"}],"wp:attachment":[{"href":"https:\/\/www.messinaoggi.it\/website\/wp-json\/wp\/v2\/media?parent=232573"}],"wp:term":[{"taxonomy":"category","embeddable":true,"href":"https:\/\/www.messinaoggi.it\/website\/wp-json\/wp\/v2\/categories?post=232573"},{"taxonomy":"post_tag","embeddable":true,"href":"https:\/\/www.messinaoggi.it\/website\/wp-json\/wp\/v2\/tags?post=232573"}],"curies":[{"name":"wp","href":"https:\/\/api.w.org\/{rel}","templated":true}]}}