{"id":232542,"date":"2025-03-20T08:13:17","date_gmt":"2025-03-20T07:13:17","guid":{"rendered":"http:\/\/www.messinaoggi.it\/website\/?p=232542"},"modified":"2025-03-20T08:13:33","modified_gmt":"2025-03-20T07:13:33","slug":"uil-messina-denuncia-una-nuova-penalizzazione-per-barcellona","status":"publish","type":"post","link":"https:\/\/www.messinaoggi.it\/website\/2025\/03\/20\/uil-messina-denuncia-una-nuova-penalizzazione-per-barcellona\/","title":{"rendered":"Uil Messina denuncia una nuova &#8220;penalizzazione&#8221; per Barcellona"},"content":{"rendered":"\n<p><strong>Uil Messina<\/strong> interviene sulla chiusura dell&#8217;ufficio postale della frazione di Gala, a <strong>Barcellona Pozzo di Gotto<\/strong>, che appare al sindacato come una nuova &#8220;penalizzazione&#8221; per il Comune tirrenico. <div id=\"div-gpt-ad-Messinaoggi.it-DSK-300x250-corpoart\" style=\"text-align:center;margin:0 auto;\"><\/div><\/p>\n\n\n\n<p>\u201cNon c\u2019\u00e8 pace per i cittadini di Barcellona, seconda citt\u00e0 della provincia di Messina, i quali, dopo avere subito l\u2019evidente penalizzazione, ai limiti della chiusura, dell\u2019ospedale, e la gravissima decisione che punta all\u2019eliminazione della sede dell\u2019Inps, sono, oggi, costretti a subire il tentativo di una nuova inaccettabile spoliazione. Infatti, l\u2019ufficio postale della frazione Gala, sito in via Mercurio, \u00e8 nei fatti, ormai da lungo tempo chiuso e la sua riapertura viene sempre posticipata. L\u2019Ufficio Postale di Gala \u00e8 sempre stato un punto di riferimento vitale per tutta la sua cittadinanza e per quella delle tante frazioni limitrofe, nonch\u00e9, in primo luogo, per gli anziani e i pensionati. Pertanto, la sua chiusura rappresenta un grave disagio per tutta la popolazione della frazione collinare che ora si trova in uno stato di incertezza appesantito dalle gravi difficolt\u00e0 provocate da quest\u2019ennesima decisione assunta contro il semplice buon senso\u201d ha affermato <strong>Ivan Tripodi<\/strong>, segretario generale della Uil Messina. <div id=\"videoincontent\" style=\"clear:both\";><\/div><\/p>\n\n\n\n<p>\u201cE\u2019 opportuno ricordare che, prima di questa lunga chiusura, il servizio postale era garantito in maniera intermittente: qualche giorno la settimana e nei giorni di pagamento delle pensioni.  In tal senso, i reiterati annunci che comunicavano la riapertura dell\u2019ufficio postale sono stati puntualmente smentiti poich\u00e9 le serrande sono sempre rimaste abbassate. Come se non bastasse, sembrerebbe che l\u2019ennesima data di riapertura ipotizzata, il 1\u00b0 aprile, non sar\u00e0 rispettata. Tenuto conto che parliamo della giornata delle burle per antonomasia, possiamo affermare che si tratta di uno scherzo di pessimo gusto poich\u00e9 colpisce pesantemente la comunit\u00e0 di Gala e tutta la citt\u00e0 di Barcellona. La Uil, ancora una volta, \u00e8 coerentemente in prima linea per la difesa di un territorio che, nel colpevole e connivente silenzio delle Istituzioni, viene sempre pi\u00f9 penalizzato e depauperato\u201d ha cos\u00ec concluso Tripodi.  <\/p>\n","protected":false},"excerpt":{"rendered":"<p>Uil Messina interviene sulla chiusura dell&#8217;ufficio postale della frazione di Gala, a Barcellona Pozzo di Gotto, che appare al sindacato come una nuova &#8220;penalizzazione&#8221; per il Comune tirrenico. \u201cNon c\u2019\u00e8 pace per i cittadini di Barcellona, seconda citt\u00e0 della provincia di Messina, i quali, dopo avere subito l\u2019evidente penalizzazione, ai limiti della chiusura, dell\u2019ospedale, e [&hellip;]<\/p>\n","protected":false},"author":15,"featured_media":22564,"comment_status":"open","ping_status":"open","sticky":false,"template":"","format":"standard","meta":{"ub_ctt_via":"","_mi_skip_tracking":false},"categories":[13,5,6,14],"tags":[1633,11099,8820,4929,1338],"featured_image_src":"https:\/\/www.messinaoggi.it\/website\/wp-content\/uploads\/2018\/07\/poste-italiane-1.jpg","author_info":{"display_name":"red.me","author_link":"https:\/\/www.messinaoggi.it\/website\/author\/red-me\/"},"digistream_id":0,"digistream":false,"_links":{"self":[{"href":"https:\/\/www.messinaoggi.it\/website\/wp-json\/wp\/v2\/posts\/232542"}],"collection":[{"href":"https:\/\/www.messinaoggi.it\/website\/wp-json\/wp\/v2\/posts"}],"about":[{"href":"https:\/\/www.messinaoggi.it\/website\/wp-json\/wp\/v2\/types\/post"}],"author":[{"embeddable":true,"href":"https:\/\/www.messinaoggi.it\/website\/wp-json\/wp\/v2\/users\/15"}],"replies":[{"embeddable":true,"href":"https:\/\/www.messinaoggi.it\/website\/wp-json\/wp\/v2\/comments?post=232542"}],"version-history":[{"count":8,"href":"https:\/\/www.messinaoggi.it\/website\/wp-json\/wp\/v2\/posts\/232542\/revisions"}],"predecessor-version":[{"id":232550,"href":"https:\/\/www.messinaoggi.it\/website\/wp-json\/wp\/v2\/posts\/232542\/revisions\/232550"}],"wp:featuredmedia":[{"embeddable":true,"href":"https:\/\/www.messinaoggi.it\/website\/wp-json\/wp\/v2\/media\/22564"}],"wp:attachment":[{"href":"https:\/\/www.messinaoggi.it\/website\/wp-json\/wp\/v2\/media?parent=232542"}],"wp:term":[{"taxonomy":"category","embeddable":true,"href":"https:\/\/www.messinaoggi.it\/website\/wp-json\/wp\/v2\/categories?post=232542"},{"taxonomy":"post_tag","embeddable":true,"href":"https:\/\/www.messinaoggi.it\/website\/wp-json\/wp\/v2\/tags?post=232542"}],"curies":[{"name":"wp","href":"https:\/\/api.w.org\/{rel}","templated":true}]}}