{"id":23245,"date":"2018-08-13T16:57:52","date_gmt":"2018-08-13T14:57:52","guid":{"rendered":"http:\/\/www.messinaoggi.it\/website\/?p=23245"},"modified":"2018-08-13T16:57:52","modified_gmt":"2018-08-13T14:57:52","slug":"scuole-e-risanamento-de-luca-ai-deputati-messinesi-nessun-passo-indietro","status":"publish","type":"post","link":"https:\/\/www.messinaoggi.it\/website\/2018\/08\/13\/scuole-e-risanamento-de-luca-ai-deputati-messinesi-nessun-passo-indietro\/","title":{"rendered":"Scuole e risanamento, De Luca ai deputati messinesi: &quot;Nessun passo indietro&quot;"},"content":{"rendered":"<p style=\"text-align: justify;\">Nessun passo indietro, n\u00e9 per quanto riguarda il risanamento n\u00e9 per l\u2019ordinanza di chiusura delle scuole. Cateno De Luca, ribadisce la propria volont\u00e0 di andare avanti sui due temi che stanno contraddistinguendo il lavoro della Giunta in questo mese di agosto. La deputazione regionale e nazionale ha risposto presente all\u2019invito lanciato dal primo cittadino, schierandosi dalla sua parte, soprattutto per quanto riguarda il tema del risanamento.<div id=\"div-gpt-ad-Messinaoggi.it-DSK-300x250-corpoart\" style=\"text-align:center;margin:0 auto;\"><\/div><\/p>\n<p style=\"text-align: justify;\">La riunione \u00e8 stata convocata per trattare la problematica del Piano di Risanamento ex Legge Regionale 10\/90 e far fronte all\u2019emergenza abitativa connessa all\u2019ordinanza sindacale n. 163 del 6 agosto scorso, relativa allo sgombero e alla demolizione di tutte le strutture abitative che insistono negli ambiti di risanamento per motivi di igiene e sanit\u00e0 pubblica; e i temi riguardanti l&#8217;emergenza scolastica e la conseguente ordinanza di chiusura delle scuole cittadine.<div id=\"videoincontent\" style=\"clear:both\";><\/div><\/p>\n<p style=\"text-align: justify;\">All&#8217;incontro, insieme al sindaco Cateno De Luca e al vicesindaco Salvatore Mondello, hanno partecipato gli onorevoli Ella Bucalo, Francesco D&#8217;Uva, Angela Raffa, Pietro Navarra, Francesco De Domenico, Carmelo Lo Monte, Grazia D&#8217;Angelo, Valentina Zafarana, Barbara Floridia e Antonella Papiro.<\/p>\n<p style=\"text-align: justify;\">\u201cHo ribadito a questo tavolo \u2013 ha dichiarato De Luca &#8211; che fino a quando non sar\u00e0 chiaro il quadro normativo l&#8217;ordinanza di chiusura delle scuole non verr\u00e0 ritirata. Adesso abbiamo avuto contezza che quantomeno sul fronte dell&#8217;asseverazione delle norme antisismiche c&#8217;\u00e8 una proroga al 31 dicembre, ma \u00e8 una proroga, mentre per quanto riguarda le norme antincendio non c&#8217;\u00e8 alcun argomento affrontato in sede di decreto Milleproroghe ed \u00e8 il tema pi\u00f9 delicato perch\u00e9 per ogni plesso sono previste sanzioni dai 1000 ai 2500 euro e di natura penale fino a due anni di arresto\u201d.<\/p>\n<p style=\"text-align: justify;\">Nell&#8217;ambito del risanamento, invece, il Sindaco ha evidenziato che: \u201cAbbiamo posto l&#8217;attenzione ai deputati nazionali e regionali non solo sullo stato dell&#8217;arte, ma anche sul percorso che abbiamo definito anche con gli elementi di supporto, in modo tale che tutti si rendano conto che, facendo ognuno la propria parte, si pu\u00f2 raggiungere l&#8217;obiettivo prefissato, cio\u00e8 agire con un&#8217;azione forte di sbaraccamento entro il 31 ottobre e procedere alla demolizione e smaltimento delle baracche entro il 31 dicembre di quest&#8217;anno.<\/p>\n<p style=\"text-align: justify;\">Il quadro trattato non \u00e8 solo di natura giuridico-amministrativa con la costituzione d&#8217;urgenza entro la fine di agosto dell&#8217;Agenzia per il Risanamento, per la quale oggi viene trasmessa ufficialmente la delibera alla presidenza del Consiglio comunale, essendo oggi l&#8217;Agenzia il soggetto interlocutore che accorpa le competenze sia del Comune che dell&#8217;IACP, ma anche economico-finanziaria con una prospettiva potenziale di oltre 230 milioni di euro per tale finalit\u00e0\u201d.<\/p>\n","protected":false},"excerpt":{"rendered":"<p>Nessun passo indietro, n\u00e9 per quanto riguarda il risanamento n\u00e9 per l\u2019ordinanza di chiusura delle scuole. Cateno De Luca, ribadisce la propria volont\u00e0 di andare avanti sui due temi che stanno contraddistinguendo il lavoro della Giunta in questo mese di agosto. La deputazione regionale e nazionale ha risposto presente all\u2019invito lanciato dal primo cittadino, schierandosi [&hellip;]<\/p>\n","protected":false},"author":15,"featured_media":23246,"comment_status":"closed","ping_status":"open","sticky":false,"template":"","format":"standard","meta":{"ub_ctt_via":"","_mi_skip_tracking":false},"categories":[4],"tags":[],"featured_image_src":"https:\/\/www.messinaoggi.it\/website\/wp-content\/uploads\/2018\/08\/de-luca-8-1.jpg","author_info":{"display_name":"red.me","author_link":"https:\/\/www.messinaoggi.it\/website\/author\/red-me\/"},"digistream_id":0,"digistream":false,"_links":{"self":[{"href":"https:\/\/www.messinaoggi.it\/website\/wp-json\/wp\/v2\/posts\/23245"}],"collection":[{"href":"https:\/\/www.messinaoggi.it\/website\/wp-json\/wp\/v2\/posts"}],"about":[{"href":"https:\/\/www.messinaoggi.it\/website\/wp-json\/wp\/v2\/types\/post"}],"author":[{"embeddable":true,"href":"https:\/\/www.messinaoggi.it\/website\/wp-json\/wp\/v2\/users\/15"}],"replies":[{"embeddable":true,"href":"https:\/\/www.messinaoggi.it\/website\/wp-json\/wp\/v2\/comments?post=23245"}],"version-history":[{"count":0,"href":"https:\/\/www.messinaoggi.it\/website\/wp-json\/wp\/v2\/posts\/23245\/revisions"}],"wp:featuredmedia":[{"embeddable":true,"href":"https:\/\/www.messinaoggi.it\/website\/wp-json\/wp\/v2\/media\/23246"}],"wp:attachment":[{"href":"https:\/\/www.messinaoggi.it\/website\/wp-json\/wp\/v2\/media?parent=23245"}],"wp:term":[{"taxonomy":"category","embeddable":true,"href":"https:\/\/www.messinaoggi.it\/website\/wp-json\/wp\/v2\/categories?post=23245"},{"taxonomy":"post_tag","embeddable":true,"href":"https:\/\/www.messinaoggi.it\/website\/wp-json\/wp\/v2\/tags?post=23245"}],"curies":[{"name":"wp","href":"https:\/\/api.w.org\/{rel}","templated":true}]}}