{"id":23244,"date":"2018-08-13T13:29:34","date_gmt":"2018-08-13T11:29:34","guid":{"rendered":"http:\/\/www.messinaoggi.it\/website\/?p=23244"},"modified":"2018-08-13T13:29:34","modified_gmt":"2018-08-13T11:29:34","slug":"risanamento-genovese-pronto-a-sposare-la-battaglia-di-de-luca","status":"publish","type":"post","link":"https:\/\/www.messinaoggi.it\/website\/2018\/08\/13\/risanamento-genovese-pronto-a-sposare-la-battaglia-di-de-luca\/","title":{"rendered":"Risanamento, Genovese: &quot;Pronto a sposare la battaglia di De Luca&quot;"},"content":{"rendered":"<p style=\"text-align: justify\">\u201cCome gi\u00e0 anticipato al sindaco De Luca, oggi, a causa di impegni privati gi\u00e0 fissati da tempo in agenda, non potr\u00f2 presenziare all\u2019incontro che si svolger\u00e0 a Palazzo Zanca sulla spinosa questione delle baracche e sulla grave condizione igienico-sanitaria in cui versa la parte di popolazione che vive in queste abitazioni\u201d.<div id=\"div-gpt-ad-Messinaoggi.it-DSK-300x250-corpoart\" style=\"text-align:center;margin:0 auto;\"><\/div><\/p>\n<p style=\"text-align: justify\">Luigi Genovese benedice la lotta alle baracche lanciata dal sindaco De Luca. L\u2019esponente di Forza Italia sul proprio profilo facebook ha scritto: \u201cHo assicurato al sindaco la mia disponibilit\u00e0, garantendo il totale sostegno rispetto a qualsiasi linea di azione che miri alla c<span class=\"textexposedshow\">ostruzione di un cronoprogramma serio ed efficace volto alla risoluzione di un problema che, perlomeno sino ad oggi, \u00e8 stato letteralmente &#8211; senza eccezioni &#8211; utilizzato dalla politica, che ha trasformato le baraccopoli in squallide passerelle elettorali di cui avremmo fatto volentieri a meno. <\/span>Sosterr\u00f2 ogni azione politica che possa contribuire alla costruzione di un processo risolutivo del problema, e su tutte l\u2019istanza che mira ad ottenere la dichiarazione, da parte del governo centrale, dello stato di emergenza sanitaria-socio ambientale: un passaggio cruciale, questo, per ridurre le tempistiche di una procedura che altrimenti rischierebbe di dilatarsi eccessivamente\u201d.<div id=\"videoincontent\" style=\"clear:both\";><\/div><\/p>\n<p style=\"text-align: justify\">Il deputato regionale ha aggiunto: \u201c\u00c9 il momento di restituire a quasi diecimila persone la dignit\u00e0 che meritano attraverso un intervento coraggioso e ambizioso. Un obiettivo \u201calto\u201d, un obiettivo di tutti i messinesi che in quanto tale non pu\u00f2 e non deve essere oggetto di personalizzazioni, di demagogia e di scontri strumentali\u201d.<\/p>\n","protected":false},"excerpt":{"rendered":"<p>\u201cCome gi\u00e0 anticipato al sindaco De Luca, oggi, a causa di impegni privati gi\u00e0 fissati da tempo in agenda, non potr\u00f2 presenziare all\u2019incontro che si svolger\u00e0 a Palazzo Zanca sulla spinosa questione delle baracche e sulla grave condizione igienico-sanitaria in cui versa la parte di popolazione che vive in queste abitazioni\u201d. Luigi Genovese benedice la [&hellip;]<\/p>\n","protected":false},"author":15,"featured_media":8252,"comment_status":"closed","ping_status":"open","sticky":false,"template":"","format":"standard","meta":{"ub_ctt_via":"","_mi_skip_tracking":false},"categories":[6],"tags":[],"featured_image_src":"https:\/\/www.messinaoggi.it\/website\/wp-content\/uploads\/2017\/09\/21931519_1399923083394798_825460830_o-2.jpg","author_info":{"display_name":"red.me","author_link":"https:\/\/www.messinaoggi.it\/website\/author\/red-me\/"},"digistream_id":0,"digistream":false,"_links":{"self":[{"href":"https:\/\/www.messinaoggi.it\/website\/wp-json\/wp\/v2\/posts\/23244"}],"collection":[{"href":"https:\/\/www.messinaoggi.it\/website\/wp-json\/wp\/v2\/posts"}],"about":[{"href":"https:\/\/www.messinaoggi.it\/website\/wp-json\/wp\/v2\/types\/post"}],"author":[{"embeddable":true,"href":"https:\/\/www.messinaoggi.it\/website\/wp-json\/wp\/v2\/users\/15"}],"replies":[{"embeddable":true,"href":"https:\/\/www.messinaoggi.it\/website\/wp-json\/wp\/v2\/comments?post=23244"}],"version-history":[{"count":0,"href":"https:\/\/www.messinaoggi.it\/website\/wp-json\/wp\/v2\/posts\/23244\/revisions"}],"wp:featuredmedia":[{"embeddable":true,"href":"https:\/\/www.messinaoggi.it\/website\/wp-json\/wp\/v2\/media\/8252"}],"wp:attachment":[{"href":"https:\/\/www.messinaoggi.it\/website\/wp-json\/wp\/v2\/media?parent=23244"}],"wp:term":[{"taxonomy":"category","embeddable":true,"href":"https:\/\/www.messinaoggi.it\/website\/wp-json\/wp\/v2\/categories?post=23244"},{"taxonomy":"post_tag","embeddable":true,"href":"https:\/\/www.messinaoggi.it\/website\/wp-json\/wp\/v2\/tags?post=23244"}],"curies":[{"name":"wp","href":"https:\/\/api.w.org\/{rel}","templated":true}]}}