{"id":232422,"date":"2025-03-19T11:30:39","date_gmt":"2025-03-19T10:30:39","guid":{"rendered":"http:\/\/www.messinaoggi.it\/website\/?p=232422"},"modified":"2025-03-19T11:30:45","modified_gmt":"2025-03-19T10:30:45","slug":"fondi-per-nuovi-asili-nido-oteri-a-messina-ce-ne-sono-pochi","status":"publish","type":"post","link":"https:\/\/www.messinaoggi.it\/website\/2025\/03\/19\/fondi-per-nuovi-asili-nido-oteri-a-messina-ce-ne-sono-pochi\/","title":{"rendered":"Fondi per nuovi asili nido, Oteri: &#8220;A Messina ce ne sono pochi&#8221;"},"content":{"rendered":"\n<p>Dal Governo Meloni 800 milioni per gli asili nido in tutto il Paese. Il ministro Valditara ha firmato il decreto e adesso gli enti locali potranno presentare le manifestazioni di interesse per ottenere i fondi da utilizzare per la creazione di nuovi posti per i bambini da zero a due anni. <div id=\"div-gpt-ad-Messinaoggi.it-DSK-300x250-corpoart\" style=\"text-align:center;margin:0 auto;\"><\/div><\/p>\n\n\n\n<p>\u201cAnche la nostra citt\u00e0 risente in modo drammatico della carenza di asili nido &#8211; dichiara <strong>Cosimo Oteri<\/strong>, capogruppo di Prima l&#8217;Italia &#8211; A Messina la disoccupazione femminile \u00e8 alle stelle e a contribuire a questo stato di cose \u00e8 anche l&#8217;impossibilit\u00e0 di poter contare su strutture gratuite che consentano alle donne con figli piccoli di lavorare. Come Prima l&#8217;Italia impegniamo quindi l&#8217;amministrazione Basile e l&#8217;assessore Alessandra Calafiore a sfruttare questa importante opportunit\u00e0 messa a disposizione dal governo nazionale\u201d.<div id=\"videoincontent\" style=\"clear:both\";><\/div><\/p>\n\n\n\n<p>Come sempre, il problema sono i tempi ristretti. <\/p>\n\n\n\n<p>\u201cPer ottenere i finanziamenti i Comuni dovranno aggiudicare i lavori entro il 31 agosto 2025, nel rispetto degli obiettivi previsti dal PNRR. Il ministero dell\u2019Istruzione garantir\u00e0 un supporto continuativo per la manifestazione di interesse e durante le procedure di appalto dei lavori, ma il sindaco Basile e l&#8217;assessore Calafione non devono perdere altro tempo: \u00e8 inutile parlare di occupazione e pari opportunit\u00e0 se poi non si mettono le donne con figli piccoli in condizione di lavorare serenamente. Camaro 29, San Licandro 48, Zanca 9, Lupetto Vittorio 25 (13 dei quali per i figli dei militari) e CEP 18: appena 18 per una citt\u00e0 nella quale vivono oltre 3.000 bambini sotto i due anni&#8221;. <\/p>\n\n\n\n<p>&#8220;Sappiamo bene &#8211; conclude Oteri &#8211; che a settembre partiranno gli asili nido di Valle degli Angeli e in via Comunale Santo, ma  resta il fatto che sono comunque insufficienti per le esigenze della citt\u00e0\u201d. <\/p>\n","protected":false},"excerpt":{"rendered":"<p>Dal Governo Meloni 800 milioni per gli asili nido in tutto il Paese. Il ministro Valditara ha firmato il decreto e adesso gli enti locali potranno presentare le manifestazioni di interesse per ottenere i fondi da utilizzare per la creazione di nuovi posti per i bambini da zero a due anni. \u201cAnche la nostra citt\u00e0 [&hellip;]<\/p>\n","protected":false},"author":15,"featured_media":13242,"comment_status":"open","ping_status":"open","sticky":false,"template":"","format":"standard","meta":{"ub_ctt_via":"","_mi_skip_tracking":false},"categories":[4,6],"tags":[2674,5984,5930,4936],"featured_image_src":"https:\/\/www.messinaoggi.it\/website\/wp-content\/uploads\/2017\/12\/asili-nido-servizi.jpg","author_info":{"display_name":"red.me","author_link":"https:\/\/www.messinaoggi.it\/website\/author\/red-me\/"},"digistream_id":0,"digistream":false,"_links":{"self":[{"href":"https:\/\/www.messinaoggi.it\/website\/wp-json\/wp\/v2\/posts\/232422"}],"collection":[{"href":"https:\/\/www.messinaoggi.it\/website\/wp-json\/wp\/v2\/posts"}],"about":[{"href":"https:\/\/www.messinaoggi.it\/website\/wp-json\/wp\/v2\/types\/post"}],"author":[{"embeddable":true,"href":"https:\/\/www.messinaoggi.it\/website\/wp-json\/wp\/v2\/users\/15"}],"replies":[{"embeddable":true,"href":"https:\/\/www.messinaoggi.it\/website\/wp-json\/wp\/v2\/comments?post=232422"}],"version-history":[{"count":2,"href":"https:\/\/www.messinaoggi.it\/website\/wp-json\/wp\/v2\/posts\/232422\/revisions"}],"predecessor-version":[{"id":232424,"href":"https:\/\/www.messinaoggi.it\/website\/wp-json\/wp\/v2\/posts\/232422\/revisions\/232424"}],"wp:featuredmedia":[{"embeddable":true,"href":"https:\/\/www.messinaoggi.it\/website\/wp-json\/wp\/v2\/media\/13242"}],"wp:attachment":[{"href":"https:\/\/www.messinaoggi.it\/website\/wp-json\/wp\/v2\/media?parent=232422"}],"wp:term":[{"taxonomy":"category","embeddable":true,"href":"https:\/\/www.messinaoggi.it\/website\/wp-json\/wp\/v2\/categories?post=232422"},{"taxonomy":"post_tag","embeddable":true,"href":"https:\/\/www.messinaoggi.it\/website\/wp-json\/wp\/v2\/tags?post=232422"}],"curies":[{"name":"wp","href":"https:\/\/api.w.org\/{rel}","templated":true}]}}