{"id":23225,"date":"2018-08-13T11:07:56","date_gmt":"2018-08-13T09:07:56","guid":{"rendered":"http:\/\/www.messinaoggi.it\/website\/?p=23225"},"modified":"2018-08-13T11:07:56","modified_gmt":"2018-08-13T09:07:56","slug":"isola-pedonale-cacciotto-va-riacceso-il-dibattito-in-aula","status":"publish","type":"post","link":"https:\/\/www.messinaoggi.it\/website\/2018\/08\/13\/isola-pedonale-cacciotto-va-riacceso-il-dibattito-in-aula\/","title":{"rendered":"Isola pedonale, Cacciotto: &#039;Va riacceso il dibattito in aula&#039;"},"content":{"rendered":"<p align=\"JUSTIFY\"><span style=\"font-family: Arial, sans-serif;\"><span style=\"font-size: medium;\">&#8220;<em>\u00c8 tramontato il vivace dibattito politico che ha accompagnato gran parte dell\u2019esperienza amministrativa Accorinti sulla nascita di un isola pedonale, che ha praticamente visto la citt\u00e0 spaccarsi in due sulla collocazione ma non certamente sulla necessit\u00e0 di avere degli spazi lasciati al solo transito pedonale<\/em>&#8220;. Questa l&#8217;amara riflessione del consigliere della III Circoscrizione, Alessandro Cacciotto, in riferimento al depennamento dall&#8217;agenda politica locale del dossier isola pedonale. &#8220;<\/span><\/span><span style=\"font-family: Arial, sans-serif;\"><span style=\"font-size: medium;\"><em>Pensare che oggi la cosiddetta isola pedonale coincida grosso modo con Piazza Cairoli o con Piazza Duomo sembra assolutamente riduttivo e non certamente il frutto di un sano confronto tra le forze politiche, sociali e imprenditoriali della citt\u00e0<\/em>&#8220;, prosegue il consigliere circoscrizionale, che poi aggiunge: &#8220;<\/span><\/span><span style=\"font-family: Arial, sans-serif;\"><span style=\"font-size: medium;\"><em>Mentre tante citt\u00e0 possono godere di ampi spazi, di vere isole pedonali, di vere ZTL, a Messina tutto questo \u00e8 un utopia<\/em>&#8220;.<\/span><\/span><div id=\"div-gpt-ad-Messinaoggi.it-DSK-300x250-corpoart\" style=\"text-align:center;margin:0 auto;\"><\/div><\/p>\n<p align=\"JUSTIFY\"><span style=\"font-family: Arial, sans-serif;\"><span style=\"font-size: medium;\">&#8220;<em>La qualit\u00e0 della vita passa indubbiamente dal luogo in cui si vive e se pensiamo che le ville comunali non sono il massimo, in termini di luogo di ritrovo, ecco che la possibilit\u00e0 dei cittadini di godere della propria citt\u00e0 \u00e8 sempre meno. Un piano strategico di mobilit\u00e0 urbana, deve necessariamente fare i conti con l\u2019isola pedonale.\u00a0<\/em><\/span><\/span><em><span style=\"font-family: Arial, sans-serif;\"><span style=\"font-size: medium;\">Sarebbe dunque importante per tutti, riprendere il dialogo ed il confronto pubblico sulla nascita di una vera isola pedonale che possa essere risorsa per i cittadini e per le forze commerciali.<\/span><\/span><\/em><div id=\"videoincontent\" style=\"clear:both\";><\/div><\/p>\n<p align=\"JUSTIFY\"><em><span style=\"font-family: Arial, sans-serif;\"><span style=\"font-size: medium;\">&#8220;L\u2019auspicio che l\u2019attuale Amministrazione possa porre basi solide per ridare Messina ai suoi cittadini degli spazi di civilt\u00e0, motivo per cui chiedo al sindaco Cateno De Luca e al presidente del consiglio comunale Claudio Cardile\u00a0<\/span><\/span><\/em><b style=\"font-size: medium; font-family: Arial, sans-serif;\"><em>di predisporre tutto quanto necessario al fine di incardinare la discussione isola pedonale in aula e giungere finalmente alla concreta nascita di un importante spazio di aggregazione e di civilt\u00e0<\/em><\/b>&#8220;.<\/p>\n","protected":false},"excerpt":{"rendered":"<p>&#8220;\u00c8 tramontato il vivace dibattito politico che ha accompagnato gran parte dell\u2019esperienza amministrativa Accorinti sulla nascita di un isola pedonale, che ha praticamente visto la citt\u00e0 spaccarsi in due sulla collocazione ma non certamente sulla necessit\u00e0 di avere degli spazi lasciati al solo transito pedonale&#8220;. Questa l&#8217;amara riflessione del consigliere della III Circoscrizione, Alessandro Cacciotto, [&hellip;]<\/p>\n","protected":false},"author":8,"featured_media":23236,"comment_status":"closed","ping_status":"open","sticky":false,"template":"","format":"standard","meta":{"ub_ctt_via":"","_mi_skip_tracking":false},"categories":[4],"tags":[],"featured_image_src":"https:\/\/www.messinaoggi.it\/website\/wp-content\/uploads\/2018\/08\/isola-pedonale-cartello-2017-2-1.jpg","author_info":{"display_name":"red..me","author_link":"https:\/\/www.messinaoggi.it\/website\/author\/redstage\/"},"digistream_id":0,"digistream":false,"_links":{"self":[{"href":"https:\/\/www.messinaoggi.it\/website\/wp-json\/wp\/v2\/posts\/23225"}],"collection":[{"href":"https:\/\/www.messinaoggi.it\/website\/wp-json\/wp\/v2\/posts"}],"about":[{"href":"https:\/\/www.messinaoggi.it\/website\/wp-json\/wp\/v2\/types\/post"}],"author":[{"embeddable":true,"href":"https:\/\/www.messinaoggi.it\/website\/wp-json\/wp\/v2\/users\/8"}],"replies":[{"embeddable":true,"href":"https:\/\/www.messinaoggi.it\/website\/wp-json\/wp\/v2\/comments?post=23225"}],"version-history":[{"count":0,"href":"https:\/\/www.messinaoggi.it\/website\/wp-json\/wp\/v2\/posts\/23225\/revisions"}],"wp:featuredmedia":[{"embeddable":true,"href":"https:\/\/www.messinaoggi.it\/website\/wp-json\/wp\/v2\/media\/23236"}],"wp:attachment":[{"href":"https:\/\/www.messinaoggi.it\/website\/wp-json\/wp\/v2\/media?parent=23225"}],"wp:term":[{"taxonomy":"category","embeddable":true,"href":"https:\/\/www.messinaoggi.it\/website\/wp-json\/wp\/v2\/categories?post=23225"},{"taxonomy":"post_tag","embeddable":true,"href":"https:\/\/www.messinaoggi.it\/website\/wp-json\/wp\/v2\/tags?post=23225"}],"curies":[{"name":"wp","href":"https:\/\/api.w.org\/{rel}","templated":true}]}}