{"id":232144,"date":"2025-03-17T12:31:01","date_gmt":"2025-03-17T11:31:01","guid":{"rendered":"http:\/\/www.messinaoggi.it\/website\/?p=232144"},"modified":"2025-03-17T12:31:05","modified_gmt":"2025-03-17T11:31:05","slug":"asili-nido-800-mln-per-nuove-strutture-ce-la-firma-del-ministro","status":"publish","type":"post","link":"https:\/\/www.messinaoggi.it\/website\/2025\/03\/17\/asili-nido-800-mln-per-nuove-strutture-ce-la-firma-del-ministro\/","title":{"rendered":"Asili nido: 800 mln per nuove strutture, c&#8217;\u00e8 la firma del ministro"},"content":{"rendered":"\n<p>Il Ministro dell&#8217;Istruzione e del Merito, Giuseppe Valditara, ha firmato il decreto che avvia la procedura per la presentazione di manifestazioni di interesse da parte degli enti locali, finalizzata alla costruzione di nuovi asili nido e alla riconversione di edifici pubblici non gi\u00e0 destinati a questo servizio. L\u2019iniziativa si inserisce nell\u2019ambito della Missione 4 \u2013 Istruzione e Ricerca del Piano Nazionale di Ripresa e Resilienza (PNRR) e rappresenta un passo concreto per il potenziamento dell\u2019offerta educativa nella fascia 0-2 anni e nel raggiungimento del target finale del PNRR grazie alla possibilit\u00e0 di utilizzare oltre 800 milioni aggiuntivi derivanti dall\u2019incremento di risorse riconosciuto dalla Commissione europea al Ministero dell\u2019Istruzione e del Merito in sede di revisione del Piano per aver raggiunto alcuni obiettivi PNRR sull\u2019edilizia scolastica, nonostante l\u2019incremento dei prezzi. \u201cCon questo decreto \u2013 dichiara il Ministro Valditara \u2013 confermiamo il nostro impegno concreto nel garantire pari opportunit\u00e0 educative sin dalla prima infanzia, consapevoli che una educazione fin dalla pi\u00f9 tenera et\u00e0 \u00e8 fondamentale per colmare divari sociali. Nostro obiettivo \u00e8 altres\u00ec quello di eliminare differenze territoriali nella disponibilit\u00e0 di asili nido, affinch\u00e9 ogni bambino possa avere accesso a un\u2019educazione di qualit\u00e0 indipendentemente dal comune o dalla regione di appartenenza. Investire nell\u2019istruzione significa investire nel futuro del Paese. Vogliamo costruire una societ\u00e0 dove ogni famiglia possa contare su un sistema educativo che supporti concretamente la crescita dei propri figli\u201d.<div id=\"div-gpt-ad-Messinaoggi.it-DSK-300x250-corpoart\" style=\"text-align:center;margin:0 auto;\"><\/div><\/p>\n<div id=\"videoincontent\" style=\"clear:both\";><\/div>","protected":false},"excerpt":{"rendered":"<p>Il Ministro dell&#8217;Istruzione e del Merito, Giuseppe Valditara, ha firmato il decreto che avvia la procedura per la presentazione di manifestazioni di interesse da parte degli enti locali, finalizzata alla costruzione di nuovi asili nido e alla riconversione di edifici pubblici non gi\u00e0 destinati a questo servizio. L\u2019iniziativa si inserisce nell\u2019ambito della Missione 4 \u2013 [&hellip;]<\/p>\n","protected":false},"author":2,"featured_media":13242,"comment_status":"open","ping_status":"open","sticky":false,"template":"","format":"standard","meta":{"ub_ctt_via":"","_mi_skip_tracking":false},"categories":[4],"tags":[],"featured_image_src":"https:\/\/www.messinaoggi.it\/website\/wp-content\/uploads\/2017\/12\/asili-nido-servizi.jpg","author_info":{"display_name":"Redazione","author_link":"https:\/\/www.messinaoggi.it\/website\/author\/redazione\/"},"digistream_id":0,"digistream":false,"_links":{"self":[{"href":"https:\/\/www.messinaoggi.it\/website\/wp-json\/wp\/v2\/posts\/232144"}],"collection":[{"href":"https:\/\/www.messinaoggi.it\/website\/wp-json\/wp\/v2\/posts"}],"about":[{"href":"https:\/\/www.messinaoggi.it\/website\/wp-json\/wp\/v2\/types\/post"}],"author":[{"embeddable":true,"href":"https:\/\/www.messinaoggi.it\/website\/wp-json\/wp\/v2\/users\/2"}],"replies":[{"embeddable":true,"href":"https:\/\/www.messinaoggi.it\/website\/wp-json\/wp\/v2\/comments?post=232144"}],"version-history":[{"count":1,"href":"https:\/\/www.messinaoggi.it\/website\/wp-json\/wp\/v2\/posts\/232144\/revisions"}],"predecessor-version":[{"id":232145,"href":"https:\/\/www.messinaoggi.it\/website\/wp-json\/wp\/v2\/posts\/232144\/revisions\/232145"}],"wp:featuredmedia":[{"embeddable":true,"href":"https:\/\/www.messinaoggi.it\/website\/wp-json\/wp\/v2\/media\/13242"}],"wp:attachment":[{"href":"https:\/\/www.messinaoggi.it\/website\/wp-json\/wp\/v2\/media?parent=232144"}],"wp:term":[{"taxonomy":"category","embeddable":true,"href":"https:\/\/www.messinaoggi.it\/website\/wp-json\/wp\/v2\/categories?post=232144"},{"taxonomy":"post_tag","embeddable":true,"href":"https:\/\/www.messinaoggi.it\/website\/wp-json\/wp\/v2\/tags?post=232144"}],"curies":[{"name":"wp","href":"https:\/\/api.w.org\/{rel}","templated":true}]}}