{"id":232120,"date":"2025-03-17T12:10:47","date_gmt":"2025-03-17T11:10:47","guid":{"rendered":"http:\/\/www.messinaoggi.it\/website\/?p=232120"},"modified":"2025-03-17T12:21:47","modified_gmt":"2025-03-17T11:21:47","slug":"asp-messina-attivazione-case-di-comunita-e-ospedali-di-comunita-confronto-con-il-comitato-consultivo","status":"publish","type":"post","link":"https:\/\/www.messinaoggi.it\/website\/2025\/03\/17\/asp-messina-attivazione-case-di-comunita-e-ospedali-di-comunita-confronto-con-il-comitato-consultivo\/","title":{"rendered":"Asp Messina, attivazione Case di Comunit\u00e0 e Ospedali di Comunit\u00e0: confronto con il Comitato Consultivo"},"content":{"rendered":"\n<p>Si \u00e8 tenuto presso i locali della Direzione Generale dell\u2019Asp di Messina un importante momento di confronto tra la Direzione Generale, rappresentata dal Direttore Amministrativo avv. <strong>Giancarlo Niutta<\/strong> e il Comitato Consultivo della stessa Asp di Messina. <div id=\"div-gpt-ad-Messinaoggi.it-DSK-300x250-corpoart\" style=\"text-align:center;margin:0 auto;\"><\/div><\/p>\n\n\n\n<p>Argomento principale della discussione con il Presidente del Comitato dott. <strong>Antonio Giardina<\/strong> e tutti i componenti, rappresentanti dei servizi sanitari e sociosanitari del territorio, \u00e8 stata la prossima l\u2019attivazione delle Case di Comunit\u00e0 e degli Ospedali di Comunit\u00e0.  <div id=\"videoincontent\" style=\"clear:both\";><\/div><\/p>\n\n\n\n<p>Il Pnrr ha investito in ambito nazionale 15,63 miliardi di euro sulla missione 6 &#8220;salute&#8221;, dei quali la met\u00e0 per la componente legata all\u2019assistenza sanitaria territoriale. In particolare, ci sono tre investimenti importanti per realizzare nuovi presidi: Case della comunit\u00e0, Ospedali di comunit\u00e0 e Centrali operative territoriali (Cot). L\u2019Asp di Messina ha ottenuto ottimi risultati: nella sfida dei finanziamenti del Pnrr , siamo secondi per i lavori effettuati in Sicilia, e stiamo per consegnare molteplici strutture in tutta la provincia.                                                                                 <\/p>\n\n\n\n<p>Strutture centrali nella riforma del Sistema Sanitario Nazionale, sono le Case di Comunit\u00e0 che mirano a potenziare l\u2019assistenza sanitaria territoriale. Esse dovranno avere un punto di accoglienza e di orientamento, ma soprattutto essere il luogo in cui il cittadino trova risposte adeguate alle sue esigenze sanitarie o sociosanitarie, con particolare attenzione per i soggetti fragili e i pazienti cronici. <\/p>\n\n\n\n<p>L\u2019Ospedale di Comunit\u00e0, invece, \u00e8 definito struttura sanitaria di ricovero della rete di assistenza territoriale che svolge una funzione intermedia tra il domicilio e il ricovero ospedaliero. L\u2019Ospedale di Comunit\u00e0 \u00e8 rivolto a pazienti che, a seguito di un episodio di acuzie minori o per la riacutizzazione di patologie croniche, necessitano di interventi sanitari a bassa intensit\u00e0 clinica potenzialmente erogabili a domicilio, ma vengono ricoverati in queste strutture in mancanza di idoneit\u00e0 del domicilio stesso (strutturale e\/o familiare) e necessitano di assistenza\/sorveglianza sanitaria infermieristica continuativa, anche notturna, non erogabile a domicilio. <\/p>\n\n\n\n<p>Con queste nuove strutture si potranno evitare cos\u00ec i ricoveri inappropriati in ospedale e supportare al meglio il processo di dimissione dalle strutture di ricovero, garantendo assistenza appropriata a pazienti con condizioni complesse.<\/p>\n\n\n\n<p>Durante la riunione il Comitato Consultivo e l\u2019Azienda hanno esaminato e valutato concrete proposte circa le modalit\u00e0 con cui portare a conoscenza i cittadini di tutta la Provincia di quanto sar\u00e0 offerto nelle nuove strutture e le modalit\u00e0 di accesso ed utilizzo di servizi e prestazioni sanitarie. <\/p>\n\n\n\n<p>Con l\u2019Azienda si \u00e8 peraltro condiviso un fondamentale momento programmatico volto a far s\u00ec, che fermi restando i requisiti standard previsti dalla normativa di riferimento, verranno via via implementati quei servizi che risulteranno necessari per il benessere e la tutela della salute di determinati territori. <\/p>\n\n\n\n<p>Il Direttore Amministrativo avv. Niutta ha dichiarato: <\/p>\n\n\n\n<p>\u201cCome Azienda siamo fortemente convinti che l\u2019interlocuzione e la condivisione siano attivit\u00e0 fondamentali per programmare e realizzare ci\u00f2 di cui la nostra utenza ha bisogno, per questo abbiamo fortemente voluto il confronto odierno. \u00c8 necessario ascoltare per dare significato concreto al ruolo centrale del cittadino\u201d.<\/p>\n","protected":false},"excerpt":{"rendered":"<p>Si \u00e8 tenuto presso i locali della Direzione Generale dell\u2019Asp di Messina un importante momento di confronto tra la Direzione Generale, rappresentata dal Direttore Amministrativo avv. Giancarlo Niutta e il Comitato Consultivo della stessa Asp di Messina. Argomento principale della discussione con il Presidente del Comitato dott. Antonio Giardina e tutti i componenti, rappresentanti dei [&hellip;]<\/p>\n","protected":false},"author":15,"featured_media":232133,"comment_status":"open","ping_status":"open","sticky":false,"template":"","format":"standard","meta":{"ub_ctt_via":"","_mi_skip_tracking":false},"categories":[6],"tags":[40,11398,11399],"featured_image_src":"https:\/\/www.messinaoggi.it\/website\/wp-content\/uploads\/2025\/03\/IMG-20250317-WA0000.jpg","author_info":{"display_name":"red.me","author_link":"https:\/\/www.messinaoggi.it\/website\/author\/red-me\/"},"digistream_id":0,"digistream":false,"_links":{"self":[{"href":"https:\/\/www.messinaoggi.it\/website\/wp-json\/wp\/v2\/posts\/232120"}],"collection":[{"href":"https:\/\/www.messinaoggi.it\/website\/wp-json\/wp\/v2\/posts"}],"about":[{"href":"https:\/\/www.messinaoggi.it\/website\/wp-json\/wp\/v2\/types\/post"}],"author":[{"embeddable":true,"href":"https:\/\/www.messinaoggi.it\/website\/wp-json\/wp\/v2\/users\/15"}],"replies":[{"embeddable":true,"href":"https:\/\/www.messinaoggi.it\/website\/wp-json\/wp\/v2\/comments?post=232120"}],"version-history":[{"count":4,"href":"https:\/\/www.messinaoggi.it\/website\/wp-json\/wp\/v2\/posts\/232120\/revisions"}],"predecessor-version":[{"id":232132,"href":"https:\/\/www.messinaoggi.it\/website\/wp-json\/wp\/v2\/posts\/232120\/revisions\/232132"}],"wp:featuredmedia":[{"embeddable":true,"href":"https:\/\/www.messinaoggi.it\/website\/wp-json\/wp\/v2\/media\/232133"}],"wp:attachment":[{"href":"https:\/\/www.messinaoggi.it\/website\/wp-json\/wp\/v2\/media?parent=232120"}],"wp:term":[{"taxonomy":"category","embeddable":true,"href":"https:\/\/www.messinaoggi.it\/website\/wp-json\/wp\/v2\/categories?post=232120"},{"taxonomy":"post_tag","embeddable":true,"href":"https:\/\/www.messinaoggi.it\/website\/wp-json\/wp\/v2\/tags?post=232120"}],"curies":[{"name":"wp","href":"https:\/\/api.w.org\/{rel}","templated":true}]}}