{"id":23212,"date":"2018-08-12T08:46:53","date_gmt":"2018-08-12T06:46:53","guid":{"rendered":"http:\/\/www.messinaoggi.it\/website\/?p=23212"},"modified":"2018-08-12T08:46:53","modified_gmt":"2018-08-12T06:46:53","slug":"forza-italia-a-messina-tra-settimane-enigmistiche-e-riviste-gossip-di-emilio-fragale","status":"publish","type":"post","link":"https:\/\/www.messinaoggi.it\/website\/2018\/08\/12\/forza-italia-a-messina-tra-settimane-enigmistiche-e-riviste-gossip-di-emilio-fragale\/","title":{"rendered":"Forza Italia a Messina &#8230; tra settimane enigmistiche e riviste gossip. Di Emilio Fragale"},"content":{"rendered":"<p style=\"text-align: justify\">Finita la campagna delle amministrative occorre abbassare i toni della propaganda e alzare quelli della costruzione di un tessuto civico-politico consapevole. Ancora una volta la partita \u00e8 stata decisa al ballottaggio. Non tra due candidati. Non tra due proposte di governo. Non tra due programmi. Non tra due idee di citt\u00e0. Non tra due vedute sull\u2019impianto della macchina municipale e delle partecipate. Tra due fazioni. La pancia e la testa. Difficile dire se ha vinto la pancia o se ha vinto la testa. Il problema vero \u00e8 che \u00e8 fallace rispondere alla domanda.\u00a0Quale \u00e8, infatti, la pancia, quale la testa? Non \u00e8 scrutando la distribuzione del voto tra le sezioni che si rinviene la soluzione all\u2019interrogativo.<div id=\"div-gpt-ad-Messinaoggi.it-DSK-300x250-corpoart\" style=\"text-align:center;margin:0 auto;\"><\/div><\/p>\n<p style=\"text-align: justify\">A destra, a sinistra, al centro il deserto \u00e8 totale. Partiti ingessati o ingolfati tra beghe, frizioni, tradimenti, veti imbrigliano ogni possibilit\u00e0 di incidere nella societ\u00e0. Vincono sempre l\u2019umore, la rivalsa, l\u2019odio avulsi da un valore di base e da un orizzonte di prospettiva. Si pu\u00f2 ricercarne e &#8211; persino &#8211; comprenderne la ragione ma non ci si pu\u00f2 arrendere. Occorrer\u00e0 ripartire. Testa bassa nella determinazione. Testa alta nella convinzione che massa, branco, ciurmaglia contraddicono la dimensione della persona e della comunit\u00e0. L\u2019intellighentia dissociata dal territorio \u00e8 aureferenziale. Il territorio abbandonato ai galoppini \u00e8 opprimente. Questo il dato da cui ripartire. La maratona elettorale appena conclusa rafforza il convincimento di una necessaria stagione congressuale.<div id=\"videoincontent\" style=\"clear:both\";><\/div><\/p>\n<p style=\"text-align: justify\">Il partito di FI a Messina, in citt\u00e0 e in provincia, \u00e8 commissariato. Il signor Presidente dell\u2019Ars on. Micciche\u2019 sembra &#8211; a ragione o a torto, tra calcolo e torpore, tra prudenza e sospetto &#8211; restare sordo ad ogni invito.\u00a0 La deputazione nazionale e regionale \u00e8 rinchiusa nel fortino di bacini di voti rivelatisi vulnerabili e\/o nelle oasi di relazioni incipriate confermatesi evanescenti. A tacer d\u2019altro l\u2019\u201degoita\u2019\u201d etica ed estetica a cui si \u00e8 assistito\u00a0 ha evidenziato confusione (se non pochezza). Segnalo che il simbolo di Forza Italia solo per l\u2019irrisoria percentuale dello 0,13% ha superato &#8211; per le amministrative nel capoluogo &#8211; la quota di sbarramento. Strategia e tattica della campagna per la elezione del Sindaco di Messina hanno dimostrato una avvilente (proporzionale a supponente) improvvisazione con la ulteriore conseguenza di numeri minoritari e deficitari in consiglio comunale.<\/p>\n<p style=\"text-align: justify\">Vediamo in dettaglio. L\u2019area Genovese ha fallito parzialmente l\u2019obiettivo. La lista Messina Peloro 2023 \u00e8 rimasta ben al di sotto delle pre-aspettive. Ogni aspettativa \u00e8 venuta meno (gi\u00e0) alla lettura di numerosi candidati intuitivamente riempilista. Pu\u00f2, tuttavia, oggi contare su sei consiglieri salvo altri occorrendi e accorrendi (scusate se i gerundi contengono \u201correndi\u201d).<\/p>\n<p style=\"text-align: justify\">L\u2019on. Calderone &#8230; 1.<\/p>\n<p style=\"text-align: justify\">L\u2019on. Germana\u2019 &#8230; 0.<\/p>\n<p style=\"text-align: justify\">L\u2019on. Grasso &#8230; 0.<\/p>\n<p style=\"text-align: justify\">Le on.li Siracusano, Papatheu, Giammanco &#8230; assenti giustificate da <em>cursus honorum.\u00a0 <\/em>Peraltro, desidero comprendere se dinnanzi alle copiose esternazioni e proposizioni del primo cittadino si intende assistere passivamente, procedere con esami di coscienza individuali e logiche \u201ct\u00eate-\u00e0-t\u00eate\u201d, intervenire (criticamente, costruttivamente) con corale puntualit\u00e0, coerenza, sapienza (!?). Se si sfoglia la cronaca di queste settimane \u201csiamo non pervenuti\u201d. Non pervenuti siamo anche nella interlocuzione con Palermo e con Roma. Abbiamo &#8211; per caso &#8211; delegato sia gestione che visione?\u00a0 Eppure &#8211; tra proclami sensazionalistici e atteggiamenti che si inscrivono nella figura giurisprudenziale del \u201cbossing\u201d &#8211; materia ve ne \u00e8 gi\u00e0 parecchia per rinviare pigramente alle sollecitazioni di brezze autunnali. A urne chiuse non propendo mai per precostituita opposizione. Neanche per indolente assuefazione.<\/p>\n<p>La presente riveste carattere di messa in mora. Cos\u00ec (senza sedi di discussione e decisione partecipata) non si pu\u00f2 continuare. Non vi \u00e8 motivo di neppure larvata adesione. Faccio appello alle esperienze, alle sensibilit\u00e0, alle competenze. Dirigenti (pseudo-dirigenti), aderenti (pseudo-aderenti), simpatizzanti (pseudo-simpatizzanti) &#8230; \u201cmummuriari fora da potta o a finestra\u201d non serve. Serve sede, segreteria, assemblea. Servono investimenti e consensi sulla \u201cP\u201dolitica. In mancanza, l\u2019esodo \u00e8 obbligato.<br \/>\nEmilio Fragale<\/p>\n","protected":false},"excerpt":{"rendered":"<p>Finita la campagna delle amministrative occorre abbassare i toni della propaganda e alzare quelli della costruzione di un tessuto civico-politico consapevole. Ancora una volta la partita \u00e8 stata decisa al ballottaggio. Non tra due candidati. Non tra due proposte di governo. Non tra due programmi. Non tra due idee di citt\u00e0. Non tra due vedute [&hellip;]<\/p>\n","protected":false},"author":15,"featured_media":2840,"comment_status":"closed","ping_status":"open","sticky":false,"template":"","format":"standard","meta":{"ub_ctt_via":"","_mi_skip_tracking":false},"categories":[6],"tags":[],"featured_image_src":"https:\/\/www.messinaoggi.it\/website\/wp-content\/uploads\/2017\/06\/forza-italia-bandiera-2.jpg","author_info":{"display_name":"red.me","author_link":"https:\/\/www.messinaoggi.it\/website\/author\/red-me\/"},"digistream_id":0,"digistream":false,"_links":{"self":[{"href":"https:\/\/www.messinaoggi.it\/website\/wp-json\/wp\/v2\/posts\/23212"}],"collection":[{"href":"https:\/\/www.messinaoggi.it\/website\/wp-json\/wp\/v2\/posts"}],"about":[{"href":"https:\/\/www.messinaoggi.it\/website\/wp-json\/wp\/v2\/types\/post"}],"author":[{"embeddable":true,"href":"https:\/\/www.messinaoggi.it\/website\/wp-json\/wp\/v2\/users\/15"}],"replies":[{"embeddable":true,"href":"https:\/\/www.messinaoggi.it\/website\/wp-json\/wp\/v2\/comments?post=23212"}],"version-history":[{"count":0,"href":"https:\/\/www.messinaoggi.it\/website\/wp-json\/wp\/v2\/posts\/23212\/revisions"}],"wp:featuredmedia":[{"embeddable":true,"href":"https:\/\/www.messinaoggi.it\/website\/wp-json\/wp\/v2\/media\/2840"}],"wp:attachment":[{"href":"https:\/\/www.messinaoggi.it\/website\/wp-json\/wp\/v2\/media?parent=23212"}],"wp:term":[{"taxonomy":"category","embeddable":true,"href":"https:\/\/www.messinaoggi.it\/website\/wp-json\/wp\/v2\/categories?post=23212"},{"taxonomy":"post_tag","embeddable":true,"href":"https:\/\/www.messinaoggi.it\/website\/wp-json\/wp\/v2\/tags?post=23212"}],"curies":[{"name":"wp","href":"https:\/\/api.w.org\/{rel}","templated":true}]}}