{"id":232067,"date":"2025-03-16T09:03:07","date_gmt":"2025-03-16T08:03:07","guid":{"rendered":"http:\/\/www.messinaoggi.it\/website\/?p=232067"},"modified":"2025-03-16T09:03:08","modified_gmt":"2025-03-16T08:03:08","slug":"paratore-lega-con-la-dc-visione-politica-simile","status":"publish","type":"post","link":"https:\/\/www.messinaoggi.it\/website\/2025\/03\/16\/paratore-lega-con-la-dc-visione-politica-simile\/","title":{"rendered":"Paratore (Lega): &#8220;Con la Dc visione politica simile&#8221;"},"content":{"rendered":"\n<p>\u201cUna visione politica simile e relazioni personali forti e durature. Queste le due colonne sulle quali si reggono i rapporti tra la Lega e la DC in Sicilia\u201d. Cos\u00ec <strong>Davide Paratore<\/strong>, responsabile provinciale del partito di Matteo Salvini nel Messinese durante il proprio intervento al congresso della DC, che si \u00e8 svolto stamane nella citt\u00e0 dello Stretto. \u201cIn futuro ci attendono sfide importanti per il nostro territorio, a partire dalla costruzione del ponte sullo Stretto -ha proseguito Paratore- i cui cantieri, stando alle recentissime dichiarazioni della Webuild, saranno avviati entro la fine di aprile e sono sicuro che su questo e su altri temi altrettanto importanti per lo sviluppo della Sicilia lavoreremo bene insieme con la DC. Ma come Lega in queste settimane siamo impegnati su altri due punti fondamentali: la pace in Ucraina e la nuova rottamazione in 120 rate che una volta approvata, dar\u00e0 respiro a milioni di famiglie, aziende e professionisti in difficolt\u00e0 con il fisco non per volont\u00e0 propria ma a causa della crisi economica. Perch\u00e9 un dato \u00e8 certo: l&#8217;interesse principale del nostro partito \u00e8 la difesa dei territori, dei lavoratori e delle famiglie. Temi fondamentali che la sinistra ha messo da parte da troppi anni, come gli elettori che ci hanno votato e che continueranno a premiare il nostro impegno hanno ben compreso\u201d.<div id=\"div-gpt-ad-Messinaoggi.it-DSK-300x250-corpoart\" style=\"text-align:center;margin:0 auto;\"><\/div><\/p>\n<div id=\"videoincontent\" style=\"clear:both\";><\/div>","protected":false},"excerpt":{"rendered":"<p>\u201cUna visione politica simile e relazioni personali forti e durature. Queste le due colonne sulle quali si reggono i rapporti tra la Lega e la DC in Sicilia\u201d. Cos\u00ec Davide Paratore, responsabile provinciale del partito di Matteo Salvini nel Messinese durante il proprio intervento al congresso della DC, che si \u00e8 svolto stamane nella citt\u00e0 [&hellip;]<\/p>\n","protected":false},"author":2,"featured_media":232068,"comment_status":"open","ping_status":"open","sticky":false,"template":"","format":"standard","meta":{"ub_ctt_via":"","_mi_skip_tracking":false},"categories":[4],"tags":[],"featured_image_src":"https:\/\/www.messinaoggi.it\/website\/wp-content\/uploads\/2025\/03\/Davide-Paratore-Lega.jpg","author_info":{"display_name":"Redazione","author_link":"https:\/\/www.messinaoggi.it\/website\/author\/redazione\/"},"digistream_id":0,"digistream":false,"_links":{"self":[{"href":"https:\/\/www.messinaoggi.it\/website\/wp-json\/wp\/v2\/posts\/232067"}],"collection":[{"href":"https:\/\/www.messinaoggi.it\/website\/wp-json\/wp\/v2\/posts"}],"about":[{"href":"https:\/\/www.messinaoggi.it\/website\/wp-json\/wp\/v2\/types\/post"}],"author":[{"embeddable":true,"href":"https:\/\/www.messinaoggi.it\/website\/wp-json\/wp\/v2\/users\/2"}],"replies":[{"embeddable":true,"href":"https:\/\/www.messinaoggi.it\/website\/wp-json\/wp\/v2\/comments?post=232067"}],"version-history":[{"count":1,"href":"https:\/\/www.messinaoggi.it\/website\/wp-json\/wp\/v2\/posts\/232067\/revisions"}],"predecessor-version":[{"id":232069,"href":"https:\/\/www.messinaoggi.it\/website\/wp-json\/wp\/v2\/posts\/232067\/revisions\/232069"}],"wp:featuredmedia":[{"embeddable":true,"href":"https:\/\/www.messinaoggi.it\/website\/wp-json\/wp\/v2\/media\/232068"}],"wp:attachment":[{"href":"https:\/\/www.messinaoggi.it\/website\/wp-json\/wp\/v2\/media?parent=232067"}],"wp:term":[{"taxonomy":"category","embeddable":true,"href":"https:\/\/www.messinaoggi.it\/website\/wp-json\/wp\/v2\/categories?post=232067"},{"taxonomy":"post_tag","embeddable":true,"href":"https:\/\/www.messinaoggi.it\/website\/wp-json\/wp\/v2\/tags?post=232067"}],"curies":[{"name":"wp","href":"https:\/\/api.w.org\/{rel}","templated":true}]}}