{"id":232064,"date":"2025-03-16T09:01:27","date_gmt":"2025-03-16T08:01:27","guid":{"rendered":"http:\/\/www.messinaoggi.it\/website\/?p=232064"},"modified":"2025-03-16T09:01:28","modified_gmt":"2025-03-16T08:01:28","slug":"dc-giovanni-frazzica-segretario-provinciale","status":"publish","type":"post","link":"https:\/\/www.messinaoggi.it\/website\/2025\/03\/16\/dc-giovanni-frazzica-segretario-provinciale\/","title":{"rendered":"Dc, Giovanni Frazzica segretario provinciale"},"content":{"rendered":"\n<p>Giovanni Frazzica \u00e8 il nuovo segretario provinciale della DC a<br>Messina e Rebecca Rinaldo commissario provinciale DC Giovani. L&#8217;elezione<br>\u00e8 avvenuta questa mattina presso l&#8217;Istituto Cristo Re, nella citt\u00e0 dello<br>Stretto.<div id=\"div-gpt-ad-Messinaoggi.it-DSK-300x250-corpoart\" style=\"text-align:center;margin:0 auto;\"><\/div><\/p>\n\n\n\n<p>&#8220;L&#8217;elezione di Giovanni Frazzica \u00e8 il frutto dell&#8217;impegno, della<br>dedizione e della capacit\u00e0 di ascoltare le esigenze della comunit\u00e0 che<br>lo ha sempre contraddistinto &#8211; dichiara Tot\u00f2 Cuffaro, segretario<br>nazionale DC -. Sono certo che il partito continuer\u00e0 a crescere e a<br>rappresentare al meglio i valori e le aspirazioni dei cittadini. Rebecca<br>Rinaldo, con la sua determinazione e sensibilit\u00e0, sapr\u00e0 rispecchiare le<br>esigenze e le aspirazioni dei giovani della provincia di Messina&#8221;.<div id=\"videoincontent\" style=\"clear:both\";><\/div><\/p>\n\n\n\n<p>&#8220;La visione e la determinazione di Frazzica e Rinaldo saranno<br>fondamentali per affrontare le sfide che ci attendono e per costruire un<br>futuro migliore per tutti &#8211; dichiara Stefano Cirillo, segretario<br>regionale della DC -. Porgiamo ad entrambi le pi\u00f9 sincere<br>congratulazioni, augurando un proficuo lavoro&#8221;.<\/p>\n","protected":false},"excerpt":{"rendered":"<p>Giovanni Frazzica \u00e8 il nuovo segretario provinciale della DC aMessina e Rebecca Rinaldo commissario provinciale DC Giovani. L&#8217;elezione\u00e8 avvenuta questa mattina presso l&#8217;Istituto Cristo Re, nella citt\u00e0 delloStretto. &#8220;L&#8217;elezione di Giovanni Frazzica \u00e8 il frutto dell&#8217;impegno, delladedizione e della capacit\u00e0 di ascoltare le esigenze della comunit\u00e0 chelo ha sempre contraddistinto &#8211; dichiara Tot\u00f2 Cuffaro, segretarionazionale [&hellip;]<\/p>\n","protected":false},"author":2,"featured_media":232065,"comment_status":"open","ping_status":"open","sticky":false,"template":"","format":"standard","meta":{"ub_ctt_via":"","_mi_skip_tracking":false},"categories":[4],"tags":[],"featured_image_src":"https:\/\/www.messinaoggi.it\/website\/wp-content\/uploads\/2025\/03\/IMG-20250315-WA0033-e1742112062269.jpg","author_info":{"display_name":"Redazione","author_link":"https:\/\/www.messinaoggi.it\/website\/author\/redazione\/"},"digistream_id":0,"digistream":false,"_links":{"self":[{"href":"https:\/\/www.messinaoggi.it\/website\/wp-json\/wp\/v2\/posts\/232064"}],"collection":[{"href":"https:\/\/www.messinaoggi.it\/website\/wp-json\/wp\/v2\/posts"}],"about":[{"href":"https:\/\/www.messinaoggi.it\/website\/wp-json\/wp\/v2\/types\/post"}],"author":[{"embeddable":true,"href":"https:\/\/www.messinaoggi.it\/website\/wp-json\/wp\/v2\/users\/2"}],"replies":[{"embeddable":true,"href":"https:\/\/www.messinaoggi.it\/website\/wp-json\/wp\/v2\/comments?post=232064"}],"version-history":[{"count":1,"href":"https:\/\/www.messinaoggi.it\/website\/wp-json\/wp\/v2\/posts\/232064\/revisions"}],"predecessor-version":[{"id":232066,"href":"https:\/\/www.messinaoggi.it\/website\/wp-json\/wp\/v2\/posts\/232064\/revisions\/232066"}],"wp:featuredmedia":[{"embeddable":true,"href":"https:\/\/www.messinaoggi.it\/website\/wp-json\/wp\/v2\/media\/232065"}],"wp:attachment":[{"href":"https:\/\/www.messinaoggi.it\/website\/wp-json\/wp\/v2\/media?parent=232064"}],"wp:term":[{"taxonomy":"category","embeddable":true,"href":"https:\/\/www.messinaoggi.it\/website\/wp-json\/wp\/v2\/categories?post=232064"},{"taxonomy":"post_tag","embeddable":true,"href":"https:\/\/www.messinaoggi.it\/website\/wp-json\/wp\/v2\/tags?post=232064"}],"curies":[{"name":"wp","href":"https:\/\/api.w.org\/{rel}","templated":true}]}}