{"id":231976,"date":"2025-03-15T12:20:14","date_gmt":"2025-03-15T11:20:14","guid":{"rendered":"http:\/\/www.messinaoggi.it\/website\/?p=231976"},"modified":"2025-03-15T12:20:20","modified_gmt":"2025-03-15T11:20:20","slug":"disagio-abitativo-soddisfatta-giacobbe-soluzione-temporanea-per-due-famiglie","status":"publish","type":"post","link":"https:\/\/www.messinaoggi.it\/website\/2025\/03\/15\/disagio-abitativo-soddisfatta-giacobbe-soluzione-temporanea-per-due-famiglie\/","title":{"rendered":"Disagio abitativo, soddisfatta Giacobbe: &#8220;Soluzione temporanea per due famiglie&#8221;"},"content":{"rendered":"\n<p>L&#8217;avvocata <strong>Annalisa Giacobbe<\/strong>, che assiste famiglie che soffrono il disagio abitativo a Messina, aggiorna sulla situazione specifica di alcuni suoi assistiti che da tempo aspettano di avere una casa in cui vivere, in particolare la condizione che vivono <strong>Mara Rolla<\/strong> e <strong>Francesco Galeano<\/strong> e le loro famiglie. <div id=\"div-gpt-ad-Messinaoggi.it-DSK-300x250-corpoart\" style=\"text-align:center;margin:0 auto;\"><\/div><\/p>\n\n\n\n<p>&#8220;Il Comune di Messina, dopo le diffide partite dal nostro Studio Legale, ha trovato finalmente una sistemazione temporanea a proprie spese alla famiglia del signor Galeano e della signora Rolla&#8221; ha affermato Giacobbe. <div id=\"videoincontent\" style=\"clear:both\";><\/div><\/p>\n\n\n\n<p>&#8220;Erano state originariamente assegnate ai miei assistiti abitazioni di fatto non agibili, poich\u00e9 mancanti delle certificazioni per gli allacci di acqua, luce e gas e dei certificati di agibilit\u00e0 e abitabilit\u00e0&#8221; ci spiega l&#8217;avvocata.<\/p>\n\n\n\n<p>&#8220;Il Comune ha trovato una soluzione che garantir\u00e0 provvisoriamente alle loro famiglie di vivere in hotel fino a quando le case assegnate non saranno pronte per essere abitate&#8221; approfondisce.<\/p>\n\n\n\n<p>&#8220;Era un atto dovuto, ma non scontato, dopo le tante vicissitudini vissute dai miei assistiti&#8221; aggiunge. <\/p>\n\n\n\n<p>&#8220;Un passo in avanti verso la conclusione di questo cammino tortuoso che condurr\u00e0 i nostri assistiti ad avere un tetto sopra la testa che sia confortevole, salubre e dignitoso, per mettere finalmente la parola fine a questa storia di dolore ed emergenza. Lo meritano loro e lo meritiamo noi, in nome di una comunit\u00e0 di uno Stato fondato sui valori della solidariet\u00e0&#8221; conclude l&#8217;avvocata.<\/p>\n\n\n\n<p><\/p>\n\n\n\n<p><\/p>\n\n\n\n<p><\/p>\n\n\n\n<p><\/p>\n\n\n\n<p><\/p>\n","protected":false},"excerpt":{"rendered":"<p>L&#8217;avvocata Annalisa Giacobbe, che assiste famiglie che soffrono il disagio abitativo a Messina, aggiorna sulla situazione specifica di alcuni suoi assistiti che da tempo aspettano di avere una casa in cui vivere, in particolare la condizione che vivono Mara Rolla e Francesco Galeano e le loro famiglie. &#8220;Il Comune di Messina, dopo le diffide partite [&hellip;]<\/p>\n","protected":false},"author":15,"featured_media":168369,"comment_status":"open","ping_status":"open","sticky":false,"template":"","format":"standard","meta":{"ub_ctt_via":"","_mi_skip_tracking":false},"categories":[5,6],"tags":[11267,8627,9555],"featured_image_src":"https:\/\/www.messinaoggi.it\/website\/wp-content\/uploads\/2023\/09\/contributi-casa.jpg","author_info":{"display_name":"red.me","author_link":"https:\/\/www.messinaoggi.it\/website\/author\/red-me\/"},"digistream_id":0,"digistream":false,"_links":{"self":[{"href":"https:\/\/www.messinaoggi.it\/website\/wp-json\/wp\/v2\/posts\/231976"}],"collection":[{"href":"https:\/\/www.messinaoggi.it\/website\/wp-json\/wp\/v2\/posts"}],"about":[{"href":"https:\/\/www.messinaoggi.it\/website\/wp-json\/wp\/v2\/types\/post"}],"author":[{"embeddable":true,"href":"https:\/\/www.messinaoggi.it\/website\/wp-json\/wp\/v2\/users\/15"}],"replies":[{"embeddable":true,"href":"https:\/\/www.messinaoggi.it\/website\/wp-json\/wp\/v2\/comments?post=231976"}],"version-history":[{"count":9,"href":"https:\/\/www.messinaoggi.it\/website\/wp-json\/wp\/v2\/posts\/231976\/revisions"}],"predecessor-version":[{"id":231985,"href":"https:\/\/www.messinaoggi.it\/website\/wp-json\/wp\/v2\/posts\/231976\/revisions\/231985"}],"wp:featuredmedia":[{"embeddable":true,"href":"https:\/\/www.messinaoggi.it\/website\/wp-json\/wp\/v2\/media\/168369"}],"wp:attachment":[{"href":"https:\/\/www.messinaoggi.it\/website\/wp-json\/wp\/v2\/media?parent=231976"}],"wp:term":[{"taxonomy":"category","embeddable":true,"href":"https:\/\/www.messinaoggi.it\/website\/wp-json\/wp\/v2\/categories?post=231976"},{"taxonomy":"post_tag","embeddable":true,"href":"https:\/\/www.messinaoggi.it\/website\/wp-json\/wp\/v2\/tags?post=231976"}],"curies":[{"name":"wp","href":"https:\/\/api.w.org\/{rel}","templated":true}]}}