{"id":23188,"date":"2018-08-11T00:18:45","date_gmt":"2018-08-10T22:18:45","guid":{"rendered":"http:\/\/www.messinaoggi.it\/website\/?p=23188"},"modified":"2018-08-11T00:18:45","modified_gmt":"2018-08-10T22:18:45","slug":"caos-scuole-da-de-luca-nessun-passo-indietro-non-le-riapro-pronto-a-far-scoppiare-un-caso-nazionale","status":"publish","type":"post","link":"https:\/\/www.messinaoggi.it\/website\/2018\/08\/11\/caos-scuole-da-de-luca-nessun-passo-indietro-non-le-riapro-pronto-a-far-scoppiare-un-caso-nazionale\/","title":{"rendered":"Caos scuole, da De Luca nessun passo indietro: &quot;Non le riapro, pronto a far scoppiare un caso nazionale&quot;"},"content":{"rendered":"<p style=\"text-align: justify\">\u201cSe qualcuno non mi dice chiaramente che le scuole le posso riaprire io non le riapro, sono pronto a far scoppiare un caso a livello nazionale\u201d. Messaggio chiaro ed inequivocabile da parte del sindaco Cateno De Luca, che ha riposto presente all\u2019invito del presidente della commissione Scuola, Piero La Tona, in occasione della seduta straordinaria di venerd\u00ec. Al centro del dibattito, naturalmente, l\u2019ordinanza urgente con cui il primo cittadino ha ordinato la chiusura dei plessi scolastici in ben 21 Comuni del nostro territorio, comprese quelle cittadine. Naturalmente la spada di Damocle di tutti i plessi resta la sicurezza, tanti, troppi istituti non sono in regola con le certificazioni e lo stesso De Luca non ha intenzione di indietreggiare di un solo centimetro.<div id=\"div-gpt-ad-Messinaoggi.it-DSK-300x250-corpoart\" style=\"text-align:center;margin:0 auto;\"><\/div><\/p>\n<p style=\"text-align: justify\">Il tempo per\u00f2 \u00e8 davvero poco, l\u2019apertura dell\u2019Anno Scolastico \u00e8 prevista per il 12 settembre, quindi \u00e8 impensabile che in poco pi\u00f9 di un mese si riesca a sopperire ad anni e anni di rispetto parziale delle norme. Tra pochi giorni, il sindaco ricever\u00e0 l\u2019esito dell\u2019indagine che sta portando avanti il Dipartimento, solo a quel punto si conoscer\u00e0 la situazione di ogni singolo istituto e si capir\u00e0 come intervenire nello specifico. Ma intanto l\u2019ordinanza rimane cos\u00ec com\u2019\u00e8: Su 108 plessi scolastici di propriet\u00e0 del comune di messina appena 2 hanno la certificazione di vulnerabilit\u00e0 sismica mentre una decina di plessi sono in regola con le normative antincendio. Luned\u00ec mattina 13 agosto incontro definitivo con i dirigenti comunali competenti per decidere il da farsi. Abbiamo ricevuto il plauso dei dirigenti scolastici che sono intervenuto ai lavori della commissione. Ringrazio il presidnete della Commissione Professor Piero La Tona e tutti i Componenti per questo qualificato momento di confronto. Per ora l\u2019ordinanza sindacale rimane in vigore\u201d.<div id=\"videoincontent\" style=\"clear:both\";><\/div><\/p>\n<p style=\"text-align: justify\">In aula, i consiglieri presenti, hanno fatto presente al primo cittadino che il Comune non pu\u00f2 e non deve affrontare questa emergenza da solo. Opinione trasversalmente condivisa, da Massimo Rizzo di Libera Me a Giovanni Scavello di Forza Italia. Il fattore tempo, come detto, non gioca a favore di Palazzo Zanca, in molti hanno chiesto una discesa in campo del Prefetto, Librizzi, e del Miur, affinch\u00e8 si possano trovare quei fondi necessari affinch\u00e8 si possano compiere quegli interventi necessari alla riapertura dei plessi scolastici, garantendo cos\u00ec la salvaguardia del diritto allo studio.<\/p>\n<p> <\/p>\n","protected":false},"excerpt":{"rendered":"<p>\u201cSe qualcuno non mi dice chiaramente che le scuole le posso riaprire io non le riapro, sono pronto a far scoppiare un caso a livello nazionale\u201d. Messaggio chiaro ed inequivocabile da parte del sindaco Cateno De Luca, che ha riposto presente all\u2019invito del presidente della commissione Scuola, Piero La Tona, in occasione della seduta straordinaria [&hellip;]<\/p>\n","protected":false},"author":14,"featured_media":23189,"comment_status":"closed","ping_status":"open","sticky":false,"template":"","format":"standard","meta":{"ub_ctt_via":"","_mi_skip_tracking":false},"categories":[6],"tags":[],"featured_image_src":"https:\/\/www.messinaoggi.it\/website\/wp-content\/uploads\/2018\/08\/de-luca-7-1.jpg","author_info":{"display_name":"Antonio Macauda","author_link":"https:\/\/www.messinaoggi.it\/website\/author\/a-macauda\/"},"digistream_id":0,"digistream":false,"_links":{"self":[{"href":"https:\/\/www.messinaoggi.it\/website\/wp-json\/wp\/v2\/posts\/23188"}],"collection":[{"href":"https:\/\/www.messinaoggi.it\/website\/wp-json\/wp\/v2\/posts"}],"about":[{"href":"https:\/\/www.messinaoggi.it\/website\/wp-json\/wp\/v2\/types\/post"}],"author":[{"embeddable":true,"href":"https:\/\/www.messinaoggi.it\/website\/wp-json\/wp\/v2\/users\/14"}],"replies":[{"embeddable":true,"href":"https:\/\/www.messinaoggi.it\/website\/wp-json\/wp\/v2\/comments?post=23188"}],"version-history":[{"count":0,"href":"https:\/\/www.messinaoggi.it\/website\/wp-json\/wp\/v2\/posts\/23188\/revisions"}],"wp:featuredmedia":[{"embeddable":true,"href":"https:\/\/www.messinaoggi.it\/website\/wp-json\/wp\/v2\/media\/23189"}],"wp:attachment":[{"href":"https:\/\/www.messinaoggi.it\/website\/wp-json\/wp\/v2\/media?parent=23188"}],"wp:term":[{"taxonomy":"category","embeddable":true,"href":"https:\/\/www.messinaoggi.it\/website\/wp-json\/wp\/v2\/categories?post=23188"},{"taxonomy":"post_tag","embeddable":true,"href":"https:\/\/www.messinaoggi.it\/website\/wp-json\/wp\/v2\/tags?post=23188"}],"curies":[{"name":"wp","href":"https:\/\/api.w.org\/{rel}","templated":true}]}}