{"id":23173,"date":"2018-08-10T17:42:57","date_gmt":"2018-08-10T15:42:57","guid":{"rendered":"http:\/\/www.messinaoggi.it\/website\/?p=23173"},"modified":"2018-08-10T17:42:57","modified_gmt":"2018-08-10T15:42:57","slug":"countdown-per-lultimo-imperdibile-spettacolo-de-il-cortile","status":"publish","type":"post","link":"https:\/\/www.messinaoggi.it\/website\/2018\/08\/10\/countdown-per-lultimo-imperdibile-spettacolo-de-il-cortile\/","title":{"rendered":"Countdown per l&#039;ultimo imperdibile spettacolo de Il Cortile"},"content":{"rendered":"<p>C\u2019\u00e8 grande attesa intorno all\u2019ultimo spettacolo della rassegna teatrale \u201cIl Cortile \u2013 Teatro Festival\u201d. A chiudere la rassegna luned\u00ec, alle ore 20.45, nell\u2019incantevole scenario del cortile settecentesco Palazzo Calapaj \u2013 D\u2019Alcontres, in strada San Giacomo, accanto al Duomo, sar\u00e0 la pi\u00e8ce dal titolo \u201cIl muro \u2013 cronachetta drammatronica di una civile apartheid\u201d, scritto \u00a0e interpretato da \u00a0Turi Zinna, per la \u00a0regia di Federico Magnano San Lio.<br \/>\n\u201cIl muro\u201d racconta di un barbiere del popolare quartiere catanese di San Berillo, che viene scambiato per un\u2019altra persona il giorno della visita di Mussolini nel 1937 ed \u00e8 fatto oggetto delle attenzioni squadriste dei gerarchi locali. Le strade che conducono ai rioni poveri della citt\u00e0, dove ha casa lo sventurato barbiere, sono state sbarrate con altissime palizzate per nascondere al duce e al suo corteo lo spettacolo della miseria che Catania offriva gi\u00e0 prima della guerra. Un muro che \u00e8 rimasto eretto nell&#8217;anima della citt\u00e0 e che \u00e8 diventato parte integrante e stabile della sua carne urbanistica.<br \/>\n<img loading=\"lazy\" class=\"alignnone size-medium wp-image-23174\" src=\"http:\/\/www.messinaoggi.it\/website\/wp-content\/uploads\/2018\/08\/Turi-Zinna-2-300x200.jpg\" alt=\"\" width=\"300\" height=\"200\" \/><br \/>\nTuri Zinna \u00e8 autore, attore, e regista. Fondatore e direttore artistico dal 1989 della Compagnia Retablo, di cui \u00e8 direttore artistico, ha ottenuto segnalazioni e riconoscimenti come drammaturgo e sceneggiatore di testi per cinema e teatro in numerosi premi e concorsi tra cui Solinas, Oltreparola, Outis, il Centro del Discorso, Pescara Corto Script, Alberto Sordi, Lia Lapini, Fersen, Lo Spazio, RIFF Per Voce Sola. Il soggetto cinematografico del suo testo teatrale \u201cBallata per San Berillo\u201d \u00e8 pubblicato con il titolo \u201cPremio Solinas, scrivere per il cinema. Autori e Storie 2003\u201d (Ed. della Battaglia 2003). Dal 2005 al 2007, \u00e8 stato direttore artistico del festival di teatri e culture contemporanee &#8220;Cultania&#8221;, nell\u2019ambito di un progetto innovativo di fruizione dei beni monumentali e delle attivit\u00e0 culturali della citt\u00e0 di Catania attraverso l\u2019uso della tecnologia. Ha lavorato, tra gli altri, con Calenda, Pugliese, Marcucci, Sbragia, De Monticelli, Sammartano, M\u00fcller, Turi Ferro, Piera Degli Esposti, Elena Zareschi, Pietro De Vico, Anna Campori, Aldo Tarantino, Rosalia Maggio, Paolo Bonacelli, Irene Papas, Enrico Montesano. Al cinema ha recitato ne \u201cIl muro di gomma\u201d di Marco Risi, e in \u201cUna storia semplice\u201d di Emidio Greco.<br \/>\nCon Il Muro si chiude una rassegna che ha ottenuto grandi soddisfazioni in termini di pubblico e di critica. \u00abSiamo molto soddisfatti della risposta che abbiamo avuto \u2013 dicono Bonaventura e Giamboi \u2013 e ringraziamo il pubblico che ci ha assicurato sempre il tutto esaurito e la stampa che ci ha seguito con grande attenzione. Purtroppo per iniziative come la nostra, che non hanno alcun appoggio pubblico, \u00e8 sempre molto difficile far quadrare i conti e avere qualche segno pi\u00f9 nel bilancio finale. Speriamo che dal prossimo anno anche \u201cIl Cortile\u201d possa avere maggiore attenzione istituzionale\u00bb.<br \/>\nAncora una volta l\u2019emozione corre sulle assi del palcoscenico.<br \/>\n <br \/>\n <br \/>\n <br \/>\n <div id=\"div-gpt-ad-Messinaoggi.it-DSK-300x250-corpoart\" style=\"text-align:center;margin:0 auto;\"><\/div><\/p>\n<div id=\"videoincontent\" style=\"clear:both\";><\/div>","protected":false},"excerpt":{"rendered":"<p>C\u2019\u00e8 grande attesa intorno all\u2019ultimo spettacolo della rassegna teatrale \u201cIl Cortile \u2013 Teatro Festival\u201d. A chiudere la rassegna luned\u00ec, alle ore 20.45, nell\u2019incantevole scenario del cortile settecentesco Palazzo Calapaj \u2013 D\u2019Alcontres, in strada San Giacomo, accanto al Duomo, sar\u00e0 la pi\u00e8ce dal titolo \u201cIl muro \u2013 cronachetta drammatronica di una civile apartheid\u201d, scritto \u00a0e interpretato [&hellip;]<\/p>\n","protected":false},"author":5,"featured_media":23175,"comment_status":"closed","ping_status":"open","sticky":false,"template":"","format":"standard","meta":{"ub_ctt_via":"","_mi_skip_tracking":false},"categories":[17],"tags":[],"featured_image_src":"https:\/\/www.messinaoggi.it\/website\/wp-content\/uploads\/2018\/08\/Turi-Zinna-1.jpg","author_info":{"display_name":"Maria Antonella Saia","author_link":"https:\/\/www.messinaoggi.it\/website\/author\/m-saia\/"},"digistream_id":0,"digistream":false,"_links":{"self":[{"href":"https:\/\/www.messinaoggi.it\/website\/wp-json\/wp\/v2\/posts\/23173"}],"collection":[{"href":"https:\/\/www.messinaoggi.it\/website\/wp-json\/wp\/v2\/posts"}],"about":[{"href":"https:\/\/www.messinaoggi.it\/website\/wp-json\/wp\/v2\/types\/post"}],"author":[{"embeddable":true,"href":"https:\/\/www.messinaoggi.it\/website\/wp-json\/wp\/v2\/users\/5"}],"replies":[{"embeddable":true,"href":"https:\/\/www.messinaoggi.it\/website\/wp-json\/wp\/v2\/comments?post=23173"}],"version-history":[{"count":0,"href":"https:\/\/www.messinaoggi.it\/website\/wp-json\/wp\/v2\/posts\/23173\/revisions"}],"wp:featuredmedia":[{"embeddable":true,"href":"https:\/\/www.messinaoggi.it\/website\/wp-json\/wp\/v2\/media\/23175"}],"wp:attachment":[{"href":"https:\/\/www.messinaoggi.it\/website\/wp-json\/wp\/v2\/media?parent=23173"}],"wp:term":[{"taxonomy":"category","embeddable":true,"href":"https:\/\/www.messinaoggi.it\/website\/wp-json\/wp\/v2\/categories?post=23173"},{"taxonomy":"post_tag","embeddable":true,"href":"https:\/\/www.messinaoggi.it\/website\/wp-json\/wp\/v2\/tags?post=23173"}],"curies":[{"name":"wp","href":"https:\/\/api.w.org\/{rel}","templated":true}]}}