{"id":23169,"date":"2018-08-10T16:02:58","date_gmt":"2018-08-10T14:02:58","guid":{"rendered":"http:\/\/www.messinaoggi.it\/website\/?p=23169"},"modified":"2018-08-10T16:02:58","modified_gmt":"2018-08-10T14:02:58","slug":"castroreale-milazzo-jazz-festival-al-via-il-weekend-conclusivo","status":"publish","type":"post","link":"https:\/\/www.messinaoggi.it\/website\/2018\/08\/10\/castroreale-milazzo-jazz-festival-al-via-il-weekend-conclusivo\/","title":{"rendered":"Castroreale\/Milazzo Jazz Festival; al via il weekend conclusivo"},"content":{"rendered":"<p>Al delirio per il concerto di Mike Stern e della sua band che si \u00e8 svolto mercoled\u00ec scorso al Castello di Milazzo, ecco avvicendarsi un altro spettacolare evento. Domani il festival sar\u00e0 ancora a Milazzo, \u00a0non pi\u00f9 al Castello, bens\u00ec al Chiostro del Rosario, con una proposta inconsueta. Infatti, tutto si svolger\u00e0 \u00a0all\u2019<strong>alba,<\/strong> e precisamente alle 5.30, allo spuntar del sole, nel silenzio del mattino, in un\u2019atmosfera suggestiva e meditativa. Ad esibirsi sar\u00e0 il pianista <strong>Livio Minafra<\/strong>, figlio d\u2019arte, ormai talento affermato del panorama jazzistico italiano. Pi\u00f9 volte insignito del premio Top Jazz, Minafra, si caratterizza \u00a0per un pianismo avvolgente di matrice classica, che a tratti sorprende con armonie dissonanti.<br \/>\nLa conclusione dell\u2019intera rassegna avr\u00e0 luogo <strong>domenica<\/strong>, quando il festival si sposter\u00e0 a Castroreale, nel bosco Tre Pizzi, per un concerto al <strong>tramonto<\/strong> sulle verdi montagne dei Peloritani, dove lo sguardo si perde nell\u2019 affaccio sulle isole Eolie tra Capo Tindari e Capo Milazzo.<br \/>\n<img loading=\"lazy\" class=\"alignnone size-medium wp-image-23170\" src=\"http:\/\/www.messinaoggi.it\/website\/wp-content\/uploads\/2018\/08\/De-Rosa12-09CMJ2018-210x300.jpg\" alt=\"\" width=\"210\" height=\"300\" \/><br \/>\nDirettamente da Umbria Jazz e dal North Sea Jazz Festival di Rotterdam, ospite dell\u2019evento sar\u00e0 <strong>Claudio Jr. De Rosa<\/strong> giovane sassofonista ormai riconosciuto tra i pi\u00f9 promettenti musicisti, arrangiatori e compositori del jazz europeo. A tre Pizzi si esibisce con Valerio Rizzo al piano, Mauro Cottone al contrabasso, Gaetano Presti alla batteria.<br \/>\nIl festival jazz itinerante, curato per Castroreale dalla Pro Loco Artemisia e per Milazzo dall\u2019Associazione \u201cLuci a Sud\u201d, continua, ancora dopo 18 anni, distinguendosi per livello delle proposte artistiche e cura organizzativa, ad essere l\u2019evento di riferimento per tutti gli appassionati di musica di qualit\u00e0 della regione e non solo. La rassegna, da tre anni, si accosta alla citt\u00e0 di Milazzo per dare valore, rilievo e continuit\u00e0 alle iniziative culturali del comprensorio, legando le due citt\u00e0 con il filo rosso della valorizzazione del territorio e della qualit\u00e0 nell\u2019offerta artistica.<br \/>\nSi preannuncia un weekend all\u2019insegna della musica e della pura emozione.<div id=\"div-gpt-ad-Messinaoggi.it-DSK-300x250-corpoart\" style=\"text-align:center;margin:0 auto;\"><\/div><\/p>\n<div id=\"videoincontent\" style=\"clear:both\";><\/div>","protected":false},"excerpt":{"rendered":"<p>Al delirio per il concerto di Mike Stern e della sua band che si \u00e8 svolto mercoled\u00ec scorso al Castello di Milazzo, ecco avvicendarsi un altro spettacolare evento. Domani il festival sar\u00e0 ancora a Milazzo, \u00a0non pi\u00f9 al Castello, bens\u00ec al Chiostro del Rosario, con una proposta inconsueta. Infatti, tutto si svolger\u00e0 \u00a0all\u2019alba, e precisamente [&hellip;]<\/p>\n","protected":false},"author":5,"featured_media":23172,"comment_status":"closed","ping_status":"open","sticky":false,"template":"","format":"standard","meta":{"ub_ctt_via":"","_mi_skip_tracking":false},"categories":[17],"tags":[],"featured_image_src":"https:\/\/www.messinaoggi.it\/website\/wp-content\/uploads\/2018\/08\/livio_minafra-1.jpg","author_info":{"display_name":"Maria Antonella Saia","author_link":"https:\/\/www.messinaoggi.it\/website\/author\/m-saia\/"},"digistream_id":0,"digistream":false,"_links":{"self":[{"href":"https:\/\/www.messinaoggi.it\/website\/wp-json\/wp\/v2\/posts\/23169"}],"collection":[{"href":"https:\/\/www.messinaoggi.it\/website\/wp-json\/wp\/v2\/posts"}],"about":[{"href":"https:\/\/www.messinaoggi.it\/website\/wp-json\/wp\/v2\/types\/post"}],"author":[{"embeddable":true,"href":"https:\/\/www.messinaoggi.it\/website\/wp-json\/wp\/v2\/users\/5"}],"replies":[{"embeddable":true,"href":"https:\/\/www.messinaoggi.it\/website\/wp-json\/wp\/v2\/comments?post=23169"}],"version-history":[{"count":0,"href":"https:\/\/www.messinaoggi.it\/website\/wp-json\/wp\/v2\/posts\/23169\/revisions"}],"wp:featuredmedia":[{"embeddable":true,"href":"https:\/\/www.messinaoggi.it\/website\/wp-json\/wp\/v2\/media\/23172"}],"wp:attachment":[{"href":"https:\/\/www.messinaoggi.it\/website\/wp-json\/wp\/v2\/media?parent=23169"}],"wp:term":[{"taxonomy":"category","embeddable":true,"href":"https:\/\/www.messinaoggi.it\/website\/wp-json\/wp\/v2\/categories?post=23169"},{"taxonomy":"post_tag","embeddable":true,"href":"https:\/\/www.messinaoggi.it\/website\/wp-json\/wp\/v2\/tags?post=23169"}],"curies":[{"name":"wp","href":"https:\/\/api.w.org\/{rel}","templated":true}]}}