{"id":231570,"date":"2025-03-12T13:31:18","date_gmt":"2025-03-12T12:31:18","guid":{"rendered":"http:\/\/www.messinaoggi.it\/website\/?p=231570"},"modified":"2025-03-12T13:31:24","modified_gmt":"2025-03-12T12:31:24","slug":"giornate-fai-primavera-tre-luoghi-da-riscoprire","status":"publish","type":"post","link":"https:\/\/www.messinaoggi.it\/website\/2025\/03\/12\/giornate-fai-primavera-tre-luoghi-da-riscoprire\/","title":{"rendered":"Giornate FAI Primavera, tre luoghi da riscoprire"},"content":{"rendered":"\n<p>In occasione delle Giornate FAI di Primavera, Messina e i suoi dintorni offrono ai visitatori l&#8217;opportunit\u00e0 di scoprire tre luoghi di grande interesse storico e culturale: il Faro di Capo Peloro, la sede centrale dell&#8217;Universit\u00e0 di Messina e il Parco Letterario Salvatore Quasimodo a Roccalumera.<div id=\"div-gpt-ad-Messinaoggi.it-DSK-300x250-corpoart\" style=\"text-align:center;margin:0 auto;\"><\/div><\/p>\n\n\n\n<p>Le visite saranno possibili sabato 22 e domenica 23 marzo per la 33\u00aa edizione dell&#8217;iniziativa. In Sicilia saranno visitabili 60 luoghi in 20 citt\u00e0 attraverso un contributo libero, con la guida  dei volontari delle 9 Delegazioni e dei 7 Gruppi FAI attivi in tutto il territorio siciliano. <div id=\"videoincontent\" style=\"clear:both\";><\/div><\/p>\n\n\n\n<h2>Faro di Capo Peloro<\/h2>\n\n\n\n<p>Situato all&#8217;estremit\u00e0 nord-orientale della Sicilia, il Faro di Capo Peloro \u00e8 un punto di riferimento per i naviganti nello Stretto di Messina. La struttura, con la sua caratteristica torre a strisce bianche e nere, \u00e8 immersa in un paesaggio naturale di grande bellezza, dove le correnti del Mar Ionio e del Mar Tirreno si incontrano. Durante le Giornate FAI, i visitatori avranno l&#8217;opportunit\u00e0 di esplorare l&#8217;interno del faro e apprendere la sua storia e il suo ruolo nella navigazione marittima.<\/p>\n\n\n\n<h2>Sede Centrale dell&#8217;Universit\u00e0 di Messina<\/h2>\n\n\n\n<p>Fondata nel 1548, l&#8217;Universit\u00e0 di Messina \u00e8 una delle istituzioni accademiche pi\u00f9 antiche d&#8217;Italia. La sede centrale, situata nel cuore della citt\u00e0, \u00e8 un esempio di architettura neoclassica e custodisce al suo interno aule storiche, biblioteche e collezioni di grande valore. Le visite guidate permetteranno di scoprire la storia dell&#8217;ateneo, le sue tradizioni e il contributo che ha dato alla formazione culturale e scientifica della regione.<\/p>\n\n\n\n<figure class=\"wp-block-image size-large\"><img loading=\"lazy\" width=\"600\" height=\"400\" src=\"http:\/\/www.messinaoggi.it\/website\/wp-content\/uploads\/2017\/05\/unime-convegno-2.jpg\" alt=\"\" class=\"wp-image-387\"\/><\/figure>\n\n\n\n<h2>Parco Letterario Salvatore Quasimodo a Roccalumera<\/h2>\n\n\n\n<p>A breve distanza da Messina, nel comune di Roccalumera, si trova il Parco Letterario dedicato al poeta Salvatore Quasimodo, premio Nobel per la letteratura nel 1959. Il parco ha sede nella dismessa stazione ferroviaria del paese, luogo simbolico legato alla vita del poeta, il cui padre era ferroviere. All&#8217;interno del museo sono conservati documenti, cimeli e fotografie che raccontano la vita e l&#8217;opera di Quasimodo. La visita offre un viaggio emozionante attraverso la poesia e la storia personale di uno dei pi\u00f9 grandi letterati italiani del XX secolo.<\/p>\n\n\n\n<figure class=\"wp-block-image size-large\"><img loading=\"lazy\" width=\"1024\" height=\"768\" src=\"http:\/\/www.messinaoggi.it\/website\/wp-content\/uploads\/2025\/03\/Il_parco_letterario_Salvatore_Quasimodo-1024x768.jpg\" alt=\"\" class=\"wp-image-231581\" srcset=\"https:\/\/www.messinaoggi.it\/website\/wp-content\/uploads\/2025\/03\/Il_parco_letterario_Salvatore_Quasimodo-1024x768.jpg 1024w, https:\/\/www.messinaoggi.it\/website\/wp-content\/uploads\/2025\/03\/Il_parco_letterario_Salvatore_Quasimodo-300x225.jpg 300w, https:\/\/www.messinaoggi.it\/website\/wp-content\/uploads\/2025\/03\/Il_parco_letterario_Salvatore_Quasimodo-768x576.jpg 768w, https:\/\/www.messinaoggi.it\/website\/wp-content\/uploads\/2025\/03\/Il_parco_letterario_Salvatore_Quasimodo.jpg 1275w\" sizes=\"(max-width: 1024px) 100vw, 1024px\" \/><\/figure>\n\n\n\n<p>Le visite a Messina dureranno circa venti minuti e saranno a cura degli apprendisti ciceroni dell\u2019IC \u201cPascoli \u2013 Crispi\u201d, dell\u2019IC \u201cS. Francesco di Paola\u201d e dell\u2019IC \u201cParadiso. <\/p>\n\n\n\n<p><a href=\"https:\/\/faiprenotazioni.fondoambiente.it\/evento\/faro-di-capo-peloro-50855\/\" data-type=\"URL\" data-id=\"https:\/\/faiprenotazioni.fondoambiente.it\/evento\/faro-di-capo-peloro-50855\/\">Per prenotare si pu\u00f2 andare a questo link. <\/a><\/p>\n\n\n\n<h2>Ecco giorni e orari:<\/h2>\n\n\n\n<p>Sabato 22 marzo: 09:30 \u2013 13:00 \/ 14:30 \u2013 17:00<\/p>\n\n\n\n<p>Domenica 23 marzo: 09:30 \u2013 13:00 \/ 14:30 \u2013 17:00<\/p>\n\n\n\n<p>Sono ammessi gruppi di massimo 15 persone per visita. <\/p>\n\n\n\n<p>Le Giornate FAI di Primavera rappresentano un&#8217;occasione unica per immergersi nel patrimonio culturale e naturale di Messina e dei suoi dintorni, scoprendo luoghi spesso non accessibili al pubblico e approfondendo la conoscenza della storia e delle tradizioni locali.<\/p>\n","protected":false},"excerpt":{"rendered":"<p>In occasione delle Giornate FAI di Primavera, Messina e i suoi dintorni offrono ai visitatori l&#8217;opportunit\u00e0 di scoprire tre luoghi di grande interesse storico e culturale: il Faro di Capo Peloro, la sede centrale dell&#8217;Universit\u00e0 di Messina e il Parco Letterario Salvatore Quasimodo a Roccalumera. Le visite saranno possibili sabato 22 e domenica 23 marzo [&hellip;]<\/p>\n","protected":false},"author":15,"featured_media":231579,"comment_status":"open","ping_status":"open","sticky":false,"template":"","format":"standard","meta":{"ub_ctt_via":"","_mi_skip_tracking":false},"categories":[16,6],"tags":[1925,10562,612,9291],"featured_image_src":"https:\/\/www.messinaoggi.it\/website\/wp-content\/uploads\/2025\/03\/Torre_Faro.jpg","author_info":{"display_name":"red.me","author_link":"https:\/\/www.messinaoggi.it\/website\/author\/red-me\/"},"digistream_id":0,"digistream":false,"_links":{"self":[{"href":"https:\/\/www.messinaoggi.it\/website\/wp-json\/wp\/v2\/posts\/231570"}],"collection":[{"href":"https:\/\/www.messinaoggi.it\/website\/wp-json\/wp\/v2\/posts"}],"about":[{"href":"https:\/\/www.messinaoggi.it\/website\/wp-json\/wp\/v2\/types\/post"}],"author":[{"embeddable":true,"href":"https:\/\/www.messinaoggi.it\/website\/wp-json\/wp\/v2\/users\/15"}],"replies":[{"embeddable":true,"href":"https:\/\/www.messinaoggi.it\/website\/wp-json\/wp\/v2\/comments?post=231570"}],"version-history":[{"count":10,"href":"https:\/\/www.messinaoggi.it\/website\/wp-json\/wp\/v2\/posts\/231570\/revisions"}],"predecessor-version":[{"id":231582,"href":"https:\/\/www.messinaoggi.it\/website\/wp-json\/wp\/v2\/posts\/231570\/revisions\/231582"}],"wp:featuredmedia":[{"embeddable":true,"href":"https:\/\/www.messinaoggi.it\/website\/wp-json\/wp\/v2\/media\/231579"}],"wp:attachment":[{"href":"https:\/\/www.messinaoggi.it\/website\/wp-json\/wp\/v2\/media?parent=231570"}],"wp:term":[{"taxonomy":"category","embeddable":true,"href":"https:\/\/www.messinaoggi.it\/website\/wp-json\/wp\/v2\/categories?post=231570"},{"taxonomy":"post_tag","embeddable":true,"href":"https:\/\/www.messinaoggi.it\/website\/wp-json\/wp\/v2\/tags?post=231570"}],"curies":[{"name":"wp","href":"https:\/\/api.w.org\/{rel}","templated":true}]}}