{"id":231551,"date":"2025-03-12T13:01:35","date_gmt":"2025-03-12T12:01:35","guid":{"rendered":"http:\/\/www.messinaoggi.it\/website\/?p=231551"},"modified":"2025-03-12T13:01:37","modified_gmt":"2025-03-12T12:01:37","slug":"nove-piazze-da-riqualificare-il-progetto-del-comune","status":"publish","type":"post","link":"https:\/\/www.messinaoggi.it\/website\/2025\/03\/12\/nove-piazze-da-riqualificare-il-progetto-del-comune\/","title":{"rendered":"Nove piazze da riqualificare, il progetto del Comune"},"content":{"rendered":"\n<p>Il Comune di Messina ha avviato un ambizioso progetto di riqualificazione urbana che interesser\u00e0 nove piazze distribuite sul territorio cittadino, con un investimento complessivo di oltre 7,5 milioni di euro, finanziato attraverso il Programma Nazionale Metro Plus e Citt\u00e0 Medie Sud 2021-2027.<div id=\"div-gpt-ad-Messinaoggi.it-DSK-300x250-corpoart\" style=\"text-align:center;margin:0 auto;\"><\/div><\/p>\n\n\n\n<p>Il sindaco <strong>Federico Basile <\/strong>ha annunciato che i bandi di gara per questi interventi saranno pubblicati nei prossimi giorni, con l&#8217;obiettivo di avviare i lavori entro la fine dell&#8217;anno. <div id=\"videoincontent\" style=\"clear:both\";><\/div><\/p>\n\n\n\n<p>Tra le piazze interessate figurano:<\/p>\n\n\n\n<ul><li><strong>Torre Faro<\/strong>: \u00e8 prevista la riqualificazione del basolato e della piazzetta, con interventi anche sulle Torri Morandi. <\/li><li><strong>Santa Margherita: <\/strong>un&#8217;area di circa 12.000 mq sar\u00e0 trasformata in uno spazio vivibile, con la creazione di zone gioco, luoghi di socializzazione, parcheggi e una strada di collegamento con l&#8217;entroterra. <\/li><li><strong>Piazza XX Settembre:<\/strong> l&#8217;intervento mira a valorizzare l&#8217;Orto Botanico e l&#8217;area circostante, con la realizzazione della &#8220;Casa dei Rider&#8221; e ulteriori opere di riqualificazione. <\/li><li><strong>Piazza San Giovanni a Castanea:<\/strong> saranno effettuati interventi per migliorare l&#8217;accessibilit\u00e0 e la fruibilit\u00e0 dello spazio pubblico. Rione Sant&#8217;Annibale a Bordonaro: la piazza delle &#8220;case gialle&#8221; sar\u00e0 oggetto di interventi di riqualificazione. <\/li><li><strong>Pistunina-Santa Lucia: <\/strong>l&#8217;area vedr\u00e0 la realizzazione di spazi pubblici rinnovati. Scuola Catalfamo: gli interventi interesseranno la piazza antistante l&#8217;istituto scolastico. <\/li><li><strong>Via Santa Marta:<\/strong> la piazzetta sar\u00e0 oggetto di lavori di riqualificazione. Piazza del SS Rosario a Castanea: un secondo intervento nel villaggio di Castanea per migliorare ulteriormente gli spazi pubblici. <\/li><\/ul>\n\n\n\n<p>Questi interventi si inseriscono nel pi\u00f9 ampio programma &#8220;Messina Citt\u00e0 Accessibile ed Inclusiva&#8221;, volto a trasformare le piazze cittadine in spazi pi\u00f9 inclusivi, accessibili e sostenibili, migliorando la vivibilit\u00e0 urbana e valorizzando il patrimonio cittadino. <\/p>\n\n\n\n<p>Si partir\u00e0 con Torre Faro, l&#8217;intervento successivo sar\u00e0 quello di Santa Margherita. <\/p>\n\n\n\n<p>Il vicesindaco <strong>Salvatore Mondello<\/strong> ha sottolineato che questi progetti sono il frutto di una pianificazione avviata negli anni precedenti, con l&#8217;obiettivo di creare spazi di socializzazione funzionali e accessibili a tutti, prestando particolare attenzione alle esigenze delle persone con disabilit\u00e0. <\/p>\n\n\n\n<p>L&#8217;assessore <strong>Massimiliano Minutoli<\/strong> ha evidenziato l&#8217;importanza della collaborazione dei cittadini nel mantenere e rispettare le nuove aree riqualificate, affinch\u00e9 possano contribuire allo sviluppo turistico della citt\u00e0. <\/p>\n\n\n\n<p>Infine, l&#8217;assessore <strong>Massimo Finocchiaro<\/strong> ha espresso entusiasmo per le potenzialit\u00e0 turistiche ed economiche derivanti dalla riqualificazione di queste piazze, che potranno ospitare eventi e manifestazioni, generando un indotto positivo per il tessuto urbano. <\/p>\n","protected":false},"excerpt":{"rendered":"<p>Il Comune di Messina ha avviato un ambizioso progetto di riqualificazione urbana che interesser\u00e0 nove piazze distribuite sul territorio cittadino, con un investimento complessivo di oltre 7,5 milioni di euro, finanziato attraverso il Programma Nazionale Metro Plus e Citt\u00e0 Medie Sud 2021-2027. Il sindaco Federico Basile ha annunciato che i bandi di gara per questi [&hellip;]<\/p>\n","protected":false},"author":15,"featured_media":125949,"comment_status":"open","ping_status":"open","sticky":false,"template":"","format":"standard","meta":{"ub_ctt_via":"","_mi_skip_tracking":false},"categories":[5,6],"tags":[2972,11394,6984,874,1154],"featured_image_src":"https:\/\/www.messinaoggi.it\/website\/wp-content\/uploads\/2022\/10\/Palazzo-Zanca.jpg","author_info":{"display_name":"red.me","author_link":"https:\/\/www.messinaoggi.it\/website\/author\/red-me\/"},"digistream_id":0,"digistream":false,"_links":{"self":[{"href":"https:\/\/www.messinaoggi.it\/website\/wp-json\/wp\/v2\/posts\/231551"}],"collection":[{"href":"https:\/\/www.messinaoggi.it\/website\/wp-json\/wp\/v2\/posts"}],"about":[{"href":"https:\/\/www.messinaoggi.it\/website\/wp-json\/wp\/v2\/types\/post"}],"author":[{"embeddable":true,"href":"https:\/\/www.messinaoggi.it\/website\/wp-json\/wp\/v2\/users\/15"}],"replies":[{"embeddable":true,"href":"https:\/\/www.messinaoggi.it\/website\/wp-json\/wp\/v2\/comments?post=231551"}],"version-history":[{"count":6,"href":"https:\/\/www.messinaoggi.it\/website\/wp-json\/wp\/v2\/posts\/231551\/revisions"}],"predecessor-version":[{"id":231557,"href":"https:\/\/www.messinaoggi.it\/website\/wp-json\/wp\/v2\/posts\/231551\/revisions\/231557"}],"wp:featuredmedia":[{"embeddable":true,"href":"https:\/\/www.messinaoggi.it\/website\/wp-json\/wp\/v2\/media\/125949"}],"wp:attachment":[{"href":"https:\/\/www.messinaoggi.it\/website\/wp-json\/wp\/v2\/media?parent=231551"}],"wp:term":[{"taxonomy":"category","embeddable":true,"href":"https:\/\/www.messinaoggi.it\/website\/wp-json\/wp\/v2\/categories?post=231551"},{"taxonomy":"post_tag","embeddable":true,"href":"https:\/\/www.messinaoggi.it\/website\/wp-json\/wp\/v2\/tags?post=231551"}],"curies":[{"name":"wp","href":"https:\/\/api.w.org\/{rel}","templated":true}]}}