{"id":23152,"date":"2018-08-10T12:44:29","date_gmt":"2018-08-10T10:44:29","guid":{"rendered":"http:\/\/www.messinaoggi.it\/website\/?p=23152"},"modified":"2018-08-10T12:44:29","modified_gmt":"2018-08-10T10:44:29","slug":"sud-o-re-festival-da-spazio-alla-riflessione","status":"publish","type":"post","link":"https:\/\/www.messinaoggi.it\/website\/2018\/08\/10\/sud-o-re-festival-da-spazio-alla-riflessione\/","title":{"rendered":"Sud.O.Re Festival  d\u00e0 spazio alla riflessione"},"content":{"rendered":"<p>Dopo il \u00a0trionfo del Plastic Concert del pianista messinese <strong>David Carf\u00ec<\/strong>, oggi al \u00a0\u00a0Sud.O.Re festival \u00a0si\u00a0 dar\u00e0 spazio alla riflessione e all\u2019approfondimento.<br \/>\n<strong>Stasera, infatti, alle ore 18.00, \u00a0la kermesse si sposter\u00e0\u00a0 nel Chiostro dell\u2019Arcivescovado di Messina<\/strong>, dove si terr\u00e0 la conferenza interreligiosa <strong>\u201cMaria di Nazareth icona dell\u2019umanit\u00e0-parlare di Maria con voci plurali\u201d.<\/strong> Nell\u2019ambito dell\u2019incontro interverranno <strong>padre Alessio Mandanikiotis<\/strong> per la Chiesa greco-ortodossa, <strong>suor Tarcisia Carnieletto<\/strong> direttrice dell\u2019Ufficio diocesano per l\u2019Ecumenismo e il dialogo, il <strong>prof. Dario Tomasello<\/strong>, coordinatore del Dams dell\u2019Universit\u00e0 di Messina in rappresentanza della comunit\u00e0 islamica, e <strong>la prof.ssa Marianna Gensabella<\/strong> <strong>Furnari<\/strong>, ordinario di Filosofia Morale del Dipartimento di Civilt\u00e0 Antiche e Moderne dell\u2019Ateneo peloritano. Al termine del convegno si terr\u00e0 l\u2019inaugurazione della mostra di icone mariane dell\u2019<strong>iconografa Lia Galdiolo<\/strong>.<br \/>\n<img loading=\"lazy\" class=\"alignnone size-medium wp-image-23155\" src=\"http:\/\/www.messinaoggi.it\/website\/wp-content\/uploads\/2018\/08\/David-Carfi-300x199.jpg\" alt=\"\" width=\"300\" height=\"199\" \/><br \/>\nFilo conduttore di Sud.O.Re festival \u00e8 proprio <strong>la figura di Maria<\/strong>, nei giorni in cui la citt\u00e0 si prepara ad accogliere l\u2019evento di fede e tradizione che pi\u00f9 di ogni altro \u00e8 sintesi di messinesit\u00e0: la Vara. L\u2019obiettivo \u00e8 andare oltre il racconto religioso, verso la celebrazione della Madonna come donna simbolo di tutte le sfumature del femminile attraverso il linguaggio universale dell\u2019arte.<br \/>\nLa mattinata del festival come di consueto \u00e8 stata \u00a0dedicata alla danza con il workshop a cura del coreografo fiorentino e direttore artistico Samuele Cardini. A seguire, lezioni di fotografia subacquea di Eugenio Micali ed Elio Nicosia. In serata incursione nel mondo del cinema con la proiezione, all\u2019Horcynus Orca, del cortometraggio \u201cRappazzo e il cinema sonoro\u201d. Anche nella giornata odierna proseguir\u00e0 la raccolta fondi a favore di <strong>\u201cFasted\u201d<\/strong>, associazione che si batte\u00a0 contro la talassemia. I volontari in cambio di un piccolo contributo, offriranno al pubblico dei braccialetti con il motto \u201cSmile to life\u201d.<br \/>\nSud.O.Re \u00e8 organizzato dall\u2019<strong>Art director Giulio Cassisa<\/strong> con la collaborazione della Fondazione Horcynus Horca. La direzione artistica del settore danza \u00e8 affidata al coreografo fiorentino <strong>Samuele Cardini.<\/strong> La manifestazione si svolge con il patrocinio di:<strong> Comune di Messina, Universit\u00e0 degli studi di Messina, ALuMnime e DAMS. <\/strong>Partner della manifestazione il <strong>Circolo Ricreativo Sportivo \u201cSan Paolo\u201d<\/strong>, formato da appassionati di fotografia subacquea e, pi\u00f9 in generale, del mondo sommerso. Sud.O.Re Festival continua a produrre emozioni.<br \/>\n <div id=\"div-gpt-ad-Messinaoggi.it-DSK-300x250-corpoart\" style=\"text-align:center;margin:0 auto;\"><\/div><\/p>\n<div id=\"videoincontent\" style=\"clear:both\";><\/div>","protected":false},"excerpt":{"rendered":"<p>Dopo il \u00a0trionfo del Plastic Concert del pianista messinese David Carf\u00ec, oggi al \u00a0\u00a0Sud.O.Re festival \u00a0si\u00a0 dar\u00e0 spazio alla riflessione e all\u2019approfondimento. Stasera, infatti, alle ore 18.00, \u00a0la kermesse si sposter\u00e0\u00a0 nel Chiostro dell\u2019Arcivescovado di Messina, dove si terr\u00e0 la conferenza interreligiosa \u201cMaria di Nazareth icona dell\u2019umanit\u00e0-parlare di Maria con voci plurali\u201d. Nell\u2019ambito dell\u2019incontro interverranno [&hellip;]<\/p>\n","protected":false},"author":5,"featured_media":23154,"comment_status":"closed","ping_status":"open","sticky":false,"template":"","format":"standard","meta":{"ub_ctt_via":"","_mi_skip_tracking":false},"categories":[17],"tags":[],"featured_image_src":"https:\/\/www.messinaoggi.it\/website\/wp-content\/uploads\/2018\/08\/4\u00b0giornata-sudore-fest-1.jpg","author_info":{"display_name":"Maria Antonella Saia","author_link":"https:\/\/www.messinaoggi.it\/website\/author\/m-saia\/"},"digistream_id":0,"digistream":false,"_links":{"self":[{"href":"https:\/\/www.messinaoggi.it\/website\/wp-json\/wp\/v2\/posts\/23152"}],"collection":[{"href":"https:\/\/www.messinaoggi.it\/website\/wp-json\/wp\/v2\/posts"}],"about":[{"href":"https:\/\/www.messinaoggi.it\/website\/wp-json\/wp\/v2\/types\/post"}],"author":[{"embeddable":true,"href":"https:\/\/www.messinaoggi.it\/website\/wp-json\/wp\/v2\/users\/5"}],"replies":[{"embeddable":true,"href":"https:\/\/www.messinaoggi.it\/website\/wp-json\/wp\/v2\/comments?post=23152"}],"version-history":[{"count":0,"href":"https:\/\/www.messinaoggi.it\/website\/wp-json\/wp\/v2\/posts\/23152\/revisions"}],"wp:featuredmedia":[{"embeddable":true,"href":"https:\/\/www.messinaoggi.it\/website\/wp-json\/wp\/v2\/media\/23154"}],"wp:attachment":[{"href":"https:\/\/www.messinaoggi.it\/website\/wp-json\/wp\/v2\/media?parent=23152"}],"wp:term":[{"taxonomy":"category","embeddable":true,"href":"https:\/\/www.messinaoggi.it\/website\/wp-json\/wp\/v2\/categories?post=23152"},{"taxonomy":"post_tag","embeddable":true,"href":"https:\/\/www.messinaoggi.it\/website\/wp-json\/wp\/v2\/tags?post=23152"}],"curies":[{"name":"wp","href":"https:\/\/api.w.org\/{rel}","templated":true}]}}