{"id":23143,"date":"2018-08-10T08:54:10","date_gmt":"2018-08-10T06:54:10","guid":{"rendered":"http:\/\/www.messinaoggi.it\/website\/?p=23143"},"modified":"2018-08-10T08:54:10","modified_gmt":"2018-08-10T06:54:10","slug":"violata-privacy-lavoratori-uil-fpl-denciamo-il-sindaco-de-luca","status":"publish","type":"post","link":"https:\/\/www.messinaoggi.it\/website\/2018\/08\/10\/violata-privacy-lavoratori-uil-fpl-denciamo-il-sindaco-de-luca\/","title":{"rendered":"Violata privacy lavoratori, Uil-Fpl: &quot;Denunciamo il sindaco De Luca&quot;"},"content":{"rendered":"<p class=\"p1\" style=\"text-align: justify;\"><span class=\"s1\">\u201c<i>Se il sindaco Cateno De Luca non censurer\u00e0 il comportamento del segretario generale per avere dato in pasto i nomi di alcuni impiegati comunali, assenti giustificati dal posto di lavoro e additati su Fb quali responsabili di presunti disservizi, la Uil-Fpl di Messina denuncer\u00e0 anche il primo cittadino per violazione della privacy<\/i>\u201d.<\/span><div id=\"div-gpt-ad-Messinaoggi.it-DSK-300x250-corpoart\" style=\"text-align:center;margin:0 auto;\"><\/div><\/p>\n<p class=\"p1\" style=\"text-align: justify;\"><span class=\"s1\">Lo affermano <b>Pippo Calapai<\/b>, <b>Fabrizio Nicosia<\/b> ed <b>Emilio Di Stefano<\/b>, rispettivamente segretario generale; responsabile provinciale e segretario aziendale della Uil-Fpl.<\/span><div id=\"videoincontent\" style=\"clear:both\";><\/div><\/p>\n<p class=\"p1\" style=\"text-align: justify;\"><span class=\"s1\">Come si ricorder\u00e0, nelle scorse settimane, sul profilo FB \u201cCateno De Luca Sindaco di Messina\u201d, \u00e8 stata pubblicata la nota del Segretario Generale, Antonio Le Donne, redatta in violazione di ogni norma in materia di privacy, attribuendo la colpa dei presunti disservizi alla loro contemporanea assenza e mettendo sulla gogna mediatica gli stessi dipendenti prima ancora di sentirne le ragioni.<\/span><span class=\"s2\">\u00a0<\/span><\/p>\n<p class=\"p1\" style=\"text-align: justify;\"><span class=\"s1\">&#8220;<i>Lo scorso 31 luglio \u2013 aggiungono i sindacalisti \u2013 abbiamo scritto al sindaco stigmatizzando il comportamento di Le Donne e segnalando allo stesso tempo come la pubblicazione dei nomi dei lavoratori su Fb, abbia violato la privacy degli stessi e scatenato un clima di odio sociale nei confronti di tutti i dipendenti del Comune. Abbiamo anche sottolineato come la politica del terrore psicologico non paghi, ma serve solo ad alimentare odio a tutti i livelli.\u00a0Il campanello d\u2019allarme \u00e8 gi\u00e0 suonato con l\u2019aggressione verificatasi ai danni di una impiegata in servizio allo sportello della quarta circoscrizione Comunale, in Via dei Mille. Il sindaco non \u00e8 mai intervenuto pubblicamente sulla questione, n\u00e9 ha mai censurato il comportamento di Le Donne. Chiediamo ancora una volta il rispetto dei lavoratori e pretendiamo le pubbliche scuse nei confronti degli stessi, anche alla luce della relazione del Dirigente del Dipartimento che chiarendo i contorni della vicenda, ha sollevato da ogni responsabilit\u00e0 i dipendenti additati. Per questo insistiamo sulla pretesa delle pubbliche scuse affinch\u00e9 venga restituita la dignit\u00e0 ai dipendenti Comunali tutti. Specifichiamo che ove la presente non sortir\u00e0 effetti, saremo costretti ad adire agli organi giudiziari preposti per ristabilire i diritti violati<\/i>\u201d.<\/span><\/p>\n","protected":false},"excerpt":{"rendered":"<p>\u201cSe il sindaco Cateno De Luca non censurer\u00e0 il comportamento del segretario generale per avere dato in pasto i nomi di alcuni impiegati comunali, assenti giustificati dal posto di lavoro e additati su Fb quali responsabili di presunti disservizi, la Uil-Fpl di Messina denuncer\u00e0 anche il primo cittadino per violazione della privacy\u201d. Lo affermano Pippo [&hellip;]<\/p>\n","protected":false},"author":2,"featured_media":8378,"comment_status":"closed","ping_status":"open","sticky":false,"template":"","format":"standard","meta":{"ub_ctt_via":"","_mi_skip_tracking":false},"categories":[19],"tags":[],"featured_image_src":"https:\/\/www.messinaoggi.it\/website\/wp-content\/uploads\/2017\/09\/calapai-uilRRP_8323-2.jpg","author_info":{"display_name":"Redazione","author_link":"https:\/\/www.messinaoggi.it\/website\/author\/redazione\/"},"digistream_id":0,"digistream":false,"_links":{"self":[{"href":"https:\/\/www.messinaoggi.it\/website\/wp-json\/wp\/v2\/posts\/23143"}],"collection":[{"href":"https:\/\/www.messinaoggi.it\/website\/wp-json\/wp\/v2\/posts"}],"about":[{"href":"https:\/\/www.messinaoggi.it\/website\/wp-json\/wp\/v2\/types\/post"}],"author":[{"embeddable":true,"href":"https:\/\/www.messinaoggi.it\/website\/wp-json\/wp\/v2\/users\/2"}],"replies":[{"embeddable":true,"href":"https:\/\/www.messinaoggi.it\/website\/wp-json\/wp\/v2\/comments?post=23143"}],"version-history":[{"count":0,"href":"https:\/\/www.messinaoggi.it\/website\/wp-json\/wp\/v2\/posts\/23143\/revisions"}],"wp:featuredmedia":[{"embeddable":true,"href":"https:\/\/www.messinaoggi.it\/website\/wp-json\/wp\/v2\/media\/8378"}],"wp:attachment":[{"href":"https:\/\/www.messinaoggi.it\/website\/wp-json\/wp\/v2\/media?parent=23143"}],"wp:term":[{"taxonomy":"category","embeddable":true,"href":"https:\/\/www.messinaoggi.it\/website\/wp-json\/wp\/v2\/categories?post=23143"},{"taxonomy":"post_tag","embeddable":true,"href":"https:\/\/www.messinaoggi.it\/website\/wp-json\/wp\/v2\/tags?post=23143"}],"curies":[{"name":"wp","href":"https:\/\/api.w.org\/{rel}","templated":true}]}}