{"id":23134,"date":"2018-08-09T15:38:47","date_gmt":"2018-08-09T13:38:47","guid":{"rendered":"http:\/\/www.messinaoggi.it\/website\/?p=23134"},"modified":"2018-08-09T15:38:47","modified_gmt":"2018-08-09T13:38:47","slug":"presentata-la-terza-notte-bianca-dello-stretto","status":"publish","type":"post","link":"https:\/\/www.messinaoggi.it\/website\/2018\/08\/09\/presentata-la-terza-notte-bianca-dello-stretto\/","title":{"rendered":"Presentata la terza Notte Bianca dello Stretto"},"content":{"rendered":"<p style=\"text-align: justify\">Il Sindaco, Cateno De Luca, e l\u2019Assessore alla Cultura, Roberto Vincenzo Trimarchi, hanno illustrato oggi, nel corso di una conferenza stampa a Palazzo Zanca, la terza edizione della manifestazione Notte Azzurra dello Stretto &#8211; Tradizioni e cultura della citt\u00e0 di Messina \u201cMiti e Leggende dello Stretto\u201d, in programma domenica 12, con inizio alle ore 21, in Piazza Unione Europea, e inserita nel calendario degli eventi del Ferragosto Messinese. \u201cPalazzo Zanca \u2013 ha sottolineato il Sindaco \u2013 \u00e8 a disposizione di tutti coloro che intendono interloquire con la Citt\u00e0. Questa manifestazione, giunta alla sua terza edizione, si caratterizza per la presenza e la collaborazione di associazioni che fanno rete e confermano la valenza di tale sinergia. Ringrazio tutti i presenti per averla riproposta anche quest&#8217;anno, con l&#8217;augurio che in futuro tali attivit\u00e0 possano solo crescere\u201d.<div id=\"div-gpt-ad-Messinaoggi.it-DSK-300x250-corpoart\" style=\"text-align:center;margin:0 auto;\"><\/div><\/p>\n<p style=\"text-align: justify\">\u201cQuest&#8217;anno gli appuntamenti della Notte Azzurra dello Stretto \u2013 ha aggiunto l&#8217;Assessore Trimarchi \u2013 sono stati concentrati nella sua location naturale, cio\u00e8 Piazza Unione Europea. Questa manifestazione, che rappresenta uno dei fiori all&#8217;occhiello dell&#8217;agosto messinese, segue quella relativa allo Sbarco di Don Giovanni d&#8217;Austria e precede la processione della Vara\u201d. All&#8217;incontro con i giornalisti hanno preso parte, tra gli altri, la coordinatrice dell&#8217;evento, Rita La Paglia; le presentatrici della serata, Daniela Conti, Silvana Paratore e Letizia Lucca; rappresentanti del Cral della Citt\u00e0 Metropolitana di Messina, Amici del Museo, AMMI, FDV, Banca del Tempo, Confcommercio Messina, Fidapa Messina, Fidapa Messina Capo Peloro, Slow Food Valdemone, Lions Messina Host, AMMES e l&#8217;Archeoclub. Il progetto si ispira al mare ed al cielo azzurro dello Stretto di Messina e simbolicamente al manto della Madonna Assunta della Vara.<div id=\"videoincontent\" style=\"clear:both\";><\/div><\/p>\n<p style=\"text-align: justify\">L\u2019intento della manifestazione \u00e8 implementare la cultura, l\u2019identit\u00e0 e la valorizzazione del patrimonio storico di Messina, coniugando tradizioni, folklore, arte, cultura e spettacolo per una notte ricca di emozioni, per riappropriarsi, attraverso il divertimento, delle origini e della storia della nostra terra. L\u2019evento tinger\u00e0 di azzurro ritrovi e monumenti del centro storico e nella notte si susseguiranno suoni, immagini, colori, concerti, performance teatrali, installazioni, mostre e spettacoli. Il programma, che sar\u00e0 condotto da Silvana Paratore e Letizia Lucca, con la partecipazione straordinaria di Daniela Conti, prevede domenica 12, alle ore 21, l\u2019inaugurazione col taglio del nastro azzurro; alle 21.10, la Corale polifonica San Nicol\u00f2 di Messina, diretta dal maestro Nazzareno Di Benedetto &#8211; Fidapa Bpw Italy, sezione Messina Capo Peloro e Associazione Maneo Nemini &#8211; defil\u00e8 della collezione \u201cEchoes, favole del mare\u201d di Anna Parisi, lettura \u201cTufania \u00e8 il Santo gigante\u201d di Marinella Fiume, legge Giovanna Manetto con commento musicale; \u201cDonne&#8230;\u201d canta Francesca Giardina; CRAL Citt\u00e0 di Messina consegna targa \u201cNotte Azzurra 2018\u201d al professore Franz Riccobono. Ore 21.40, Fidapa Bpw Italy Messina &#8211; \u201cPinocchio\u201d, teatro danza di Antonella Gargano, Associazione Culturale Tersicore. Ore 22, &#8211; AMMI sezione di Messina &#8211; \u201cMito Fata Morgana\u201d, legge Beppe Ruggeri; band musicale Arancia Amara; CRAL Citt\u00e0 Metropolitana di Messina, consegna targa \u201cNotte Azzurra 2018\u201d al dottore Pietro Bitto.<\/p>\n<p style=\"text-align: justify\">Ore 22.30, direttore artistico Pippo Frassica, defil\u00e8 abiti cerimonia elegante Naccari; CRAL Citt\u00e0 Metropolitana di Messina consegna attestati di benemerenza \u201cNotte Azzurra 2018\u201d alle associazioni partner dell&#8217;evento e targa \u201cNotte Azzurra 2018\u201d alla dottoressa Rita La Paglia; defil\u00e8 abiti maestri Sarti. Ore 23, Lions Club Messina Host, Storia e musica e della nostra terra raccontate da Patrizia Causarano e cantate dal duo \u201cI Turdum\u00e8\u201d; comitato organizzatore Notte Azzurra dello Stretto consegna targhe \u201cNotte Azzurra 2018\u201d al Sindaco, Cateno De Luca, e all&#8217;Assessore, Roberto Vincenzo Trimarchi. Ore 23,30 direttore artistico Pippo Frassica, defil\u00e8 Cinzia Dtori; defil\u00e8 gioielli accessori moda, gioielleria Stroscio e defil\u00e8 di abiti da cerimonia sposa Naccari. Ore 24, Arrivederci sulle note dei balli latino americani con il Maestro Giorgio La Spina. Dalle 21 alle 24, nell\u2019Antiquarium del Municipio, mostra iconografica della Vara organizzata da Associazione Amici del Museo, comitato Vara, Fidapa sezione Messina Capo Peloro e Archeoclub d&#8217;Italia sede di Messina. Dalle 21 alle 24, a Piazza Unione Europea, esposizione artigianale hobbisti a cura del Circolo Creativo Culturale di Jo Militello; giochi per bambini a cura dell\u2019associazione Fuochi di Valchiria e percorso enogastronomico Slow Food Valdemone.<\/p>\n","protected":false},"excerpt":{"rendered":"<p>Il Sindaco, Cateno De Luca, e l\u2019Assessore alla Cultura, Roberto Vincenzo Trimarchi, hanno illustrato oggi, nel corso di una conferenza stampa a Palazzo Zanca, la terza edizione della manifestazione Notte Azzurra dello Stretto &#8211; Tradizioni e cultura della citt\u00e0 di Messina \u201cMiti e Leggende dello Stretto\u201d, in programma domenica 12, con inizio alle ore 21, [&hellip;]<\/p>\n","protected":false},"author":15,"featured_media":23135,"comment_status":"closed","ping_status":"open","sticky":false,"template":"","format":"standard","meta":{"ub_ctt_via":"","_mi_skip_tracking":false},"categories":[4],"tags":[],"featured_image_src":"https:\/\/www.messinaoggi.it\/website\/wp-content\/uploads\/2018\/08\/de-luca-5-1.jpg","author_info":{"display_name":"red.me","author_link":"https:\/\/www.messinaoggi.it\/website\/author\/red-me\/"},"digistream_id":0,"digistream":false,"_links":{"self":[{"href":"https:\/\/www.messinaoggi.it\/website\/wp-json\/wp\/v2\/posts\/23134"}],"collection":[{"href":"https:\/\/www.messinaoggi.it\/website\/wp-json\/wp\/v2\/posts"}],"about":[{"href":"https:\/\/www.messinaoggi.it\/website\/wp-json\/wp\/v2\/types\/post"}],"author":[{"embeddable":true,"href":"https:\/\/www.messinaoggi.it\/website\/wp-json\/wp\/v2\/users\/15"}],"replies":[{"embeddable":true,"href":"https:\/\/www.messinaoggi.it\/website\/wp-json\/wp\/v2\/comments?post=23134"}],"version-history":[{"count":0,"href":"https:\/\/www.messinaoggi.it\/website\/wp-json\/wp\/v2\/posts\/23134\/revisions"}],"wp:featuredmedia":[{"embeddable":true,"href":"https:\/\/www.messinaoggi.it\/website\/wp-json\/wp\/v2\/media\/23135"}],"wp:attachment":[{"href":"https:\/\/www.messinaoggi.it\/website\/wp-json\/wp\/v2\/media?parent=23134"}],"wp:term":[{"taxonomy":"category","embeddable":true,"href":"https:\/\/www.messinaoggi.it\/website\/wp-json\/wp\/v2\/categories?post=23134"},{"taxonomy":"post_tag","embeddable":true,"href":"https:\/\/www.messinaoggi.it\/website\/wp-json\/wp\/v2\/tags?post=23134"}],"curies":[{"name":"wp","href":"https:\/\/api.w.org\/{rel}","templated":true}]}}