{"id":23131,"date":"2018-08-09T15:28:25","date_gmt":"2018-08-09T13:28:25","guid":{"rendered":"http:\/\/www.messinaoggi.it\/website\/?p=23131"},"modified":"2018-08-09T15:28:25","modified_gmt":"2018-08-09T13:28:25","slug":"presidenze-commissione-ora-messina-fuori-dai-giochi-offeso-il-voto-popolare-la-fauci-lascia-lviii","status":"publish","type":"post","link":"https:\/\/www.messinaoggi.it\/website\/2018\/08\/09\/presidenze-commissione-ora-messina-fuori-dai-giochi-offeso-il-voto-popolare-la-fauci-lascia-lviii\/","title":{"rendered":"Presidenze commissione, Ora Messina fuori dai giochi: &quot;Offeso il voto popolare&quot;. La Fauci lascia l&#039;VIII"},"content":{"rendered":"<p>Le elezioni di Giovanni Scavello e Ugo Zante alla presidenza della III e IV Commissione, non ha smorzato il malcontento di buona parte del centrodestra, in modo particolare della lista Ora Messina. I quattro consiglieri, Francesco Pagano, Giandomenico La Fauci, Nicoletta D&#8217;Angelo e Pierluigi Parisi, in una nota congiunta, hanno esposto tutto il loro dissenso, visto che a nessun consigliere del gruppo \u00e8 stata riconosciuta la presidenza di una commissione: &#8220;Sorpresa e irritazione. Quello che doveva essere un consiglio comunale aperto, trasversale e compatto verso gli interessi della citt\u00e0 si sta rivelando, ogni giorno di pi\u00f9, un luogo di intrecci politici e accordi sottobanco. Il gruppo consiliare di Ora Messina rappresenta un elettorato di oltre 7000 cittadini, la lista pi\u00f9 votata della grande coalizione di centrodestra, una voce che non pu\u00f2 e non deve essere messa in secondo piano. L\u2019elezione del presidente del consiglio comunale e di tutti i vice presidenti aveva fatto suonare il primo campanello d\u2019allarme. Abbiamo, per\u00f2, atteso che fossero composte le commissioni ed eletti i presidenti per avere un quadro pi\u00f9 chiaro di quello che stava accadendo. Il nostro gruppo \u00e8 stato, totalmente, tagliato fuori dalle dinamiche decisionali delle commissioni. Come per le cariche del consiglio, anche nelle commissioni \u00e8 evidente un forte legame tra i gruppi del centrosinistra e il Movimento 5 stelle&#8221;.<div id=\"div-gpt-ad-Messinaoggi.it-DSK-300x250-corpoart\" style=\"text-align:center;margin:0 auto;\"><\/div><\/p>\n<p style=\"text-align: justify\">I consiglieri aggiungono: &#8220;Vorremmo fossero chiariti i motivi che hanno portato alla scelta di escludere i consiglieri di Ora Messina dai ruoli di presidenza. Paradossale, e inaccettabile, che la lista pi\u00f9 votata del centrodestra, e la seconda per preferenze totali, sia stata tagliata fuori. Inverosimile contraddizione con quello che era stato il voto popolare: delle sette liste presenti in consiglio l\u2019unica rimasta esclusa dalle presidenze di commissione \u00e8 Ora Messina. Una spartizione solamente di stampo politico, una strategia che non pu\u00f2 essere celata dietro nessun tipo di competenza specifica. Assistiamo, stupiti, alla ritrovata intesa tra centrosinistra e Movimento 5 stelle e non possiamo non pensare di essere al centro di intrecci politici ben studiati. Il nostro gruppo rappresenta una larga fetta di cittadini, la nostra esperienza \u00e8 arricchita dalla presenza di ben due consiglieri al loro secondo mandato, a differenza di altri gruppi formati da esordienti della politica e della macchina amministrativa. La vice presidenza di commissione assegnata al nostro Giandomenico La Fauci per l\u2019VIII commissione rappresenta il famoso \u201ccontentino\u201d che poco interessa a un gruppo volenteroso come il nostro. Una piccolissima rappresentanza contro un disegno di accordi, ormai, ben chiaro. Proprio per queste ragioni, e in totale coerenza, il consigliere La Fauci ha deciso di lasciare immediatamente la carica di vice presidente della commissione: \u201cImpossibile per me mascherare la delusione. Avevo intuito, sin da subito, che il clima nei confronti del gruppo di Ora Messina fosse di totale ostilit\u00e0. La sensazione \u00e8 quella che sia meglio tenerci lontano, a debita distanza. Non appena nominato avevo fatto presente che la mia sarebbe stata una vice presidenza breve, in totale coerenza con il bisogno di far sentire la voce del mio gruppo e di non accettare passivamente le decisioni dei nostri avversari politici. Le mie dimissioni vogliono essere un primo segnale, continueremo a tutelare gli interessi della citt\u00e0 di Messina\u201d.<div id=\"videoincontent\" style=\"clear:both\";><\/div><\/p>\n","protected":false},"excerpt":{"rendered":"<p>Le elezioni di Giovanni Scavello e Ugo Zante alla presidenza della III e IV Commissione, non ha smorzato il malcontento di buona parte del centrodestra, in modo particolare della lista Ora Messina. I quattro consiglieri, Francesco Pagano, Giandomenico La Fauci, Nicoletta D&#8217;Angelo e Pierluigi Parisi, in una nota congiunta, hanno esposto tutto il loro dissenso, [&hellip;]<\/p>\n","protected":false},"author":15,"featured_media":23132,"comment_status":"closed","ping_status":"open","sticky":false,"template":"","format":"standard","meta":{"ub_ctt_via":"","_mi_skip_tracking":false},"categories":[4,6],"tags":[],"featured_image_src":"https:\/\/www.messinaoggi.it\/website\/wp-content\/uploads\/2018\/08\/Giandomenico-La-Fauci-1.jpg","author_info":{"display_name":"red.me","author_link":"https:\/\/www.messinaoggi.it\/website\/author\/red-me\/"},"digistream_id":0,"digistream":false,"_links":{"self":[{"href":"https:\/\/www.messinaoggi.it\/website\/wp-json\/wp\/v2\/posts\/23131"}],"collection":[{"href":"https:\/\/www.messinaoggi.it\/website\/wp-json\/wp\/v2\/posts"}],"about":[{"href":"https:\/\/www.messinaoggi.it\/website\/wp-json\/wp\/v2\/types\/post"}],"author":[{"embeddable":true,"href":"https:\/\/www.messinaoggi.it\/website\/wp-json\/wp\/v2\/users\/15"}],"replies":[{"embeddable":true,"href":"https:\/\/www.messinaoggi.it\/website\/wp-json\/wp\/v2\/comments?post=23131"}],"version-history":[{"count":0,"href":"https:\/\/www.messinaoggi.it\/website\/wp-json\/wp\/v2\/posts\/23131\/revisions"}],"wp:featuredmedia":[{"embeddable":true,"href":"https:\/\/www.messinaoggi.it\/website\/wp-json\/wp\/v2\/media\/23132"}],"wp:attachment":[{"href":"https:\/\/www.messinaoggi.it\/website\/wp-json\/wp\/v2\/media?parent=23131"}],"wp:term":[{"taxonomy":"category","embeddable":true,"href":"https:\/\/www.messinaoggi.it\/website\/wp-json\/wp\/v2\/categories?post=23131"},{"taxonomy":"post_tag","embeddable":true,"href":"https:\/\/www.messinaoggi.it\/website\/wp-json\/wp\/v2\/tags?post=23131"}],"curies":[{"name":"wp","href":"https:\/\/api.w.org\/{rel}","templated":true}]}}