{"id":231266,"date":"2025-03-10T11:36:17","date_gmt":"2025-03-10T10:36:17","guid":{"rendered":"http:\/\/www.messinaoggi.it\/website\/?p=231266"},"modified":"2025-03-10T11:36:21","modified_gmt":"2025-03-10T10:36:21","slug":"messina-verso-la-bandiera-blu-sara-la-volta-buona","status":"publish","type":"post","link":"https:\/\/www.messinaoggi.it\/website\/2025\/03\/10\/messina-verso-la-bandiera-blu-sara-la-volta-buona\/","title":{"rendered":"Messina &#8220;verso la bandiera blu&#8221;&#8230; Sar\u00e0 la volta buona?"},"content":{"rendered":"\n<p>Palazzo Zanca ci riprova ad ottenere la bandiera blu. Un percorso avviato da Cateno De Luca ed oggi portato avanti da Federico Basile. Un nuovo tentativo verso l&#8217;ottenimento del prestigioso riconoscimento. Sar\u00e0 la volta buona?<div id=\"div-gpt-ad-Messinaoggi.it-DSK-300x250-corpoart\" style=\"text-align:center;margin:0 auto;\"><\/div><\/p>\n\n\n\n<p>Venerd\u00ec 14 marzo, presso il Salone degli Specchi di Messina, si terr\u00e0 l&#8217;evento &#8220;Messina verso la Bandiera Blu&#8221;, un&#8217;importante occasione di confronto sulle strategie per il miglioramento della qualit\u00e0 ambientale e la valorizzazione delle coste messinesi.<br>L&#8217;incontro, promosso dal Comune di Messina, patrocinato dalla Citt\u00e0 Metropolitana di Messina, vedr\u00e0 la partecipazione di rappresentanti istituzionali, esperti del settore e amministratori locali, con l\u2019obiettivo di approfondire i criteri per l&#8217;ottenimento della Bandiera Blu, il prestigioso riconoscimento assegnato dalla FEE (Foundation for Environmental Education) alle localit\u00e0 che si distinguono per la qualit\u00e0 delle acque, la gestione sostenibile del territorio e i servizi offerti ai bagnanti.<br>I lavori inizieranno alle ore 9.30 con i saluti istituzionali del sindaco di Messina Federico Basile, del comandante della Capitaneria di Porto Luciano Pischedda e del componente della IV Commissione Ambiente e Territorio ARS Giuseppe Lombardo.<br>A seguire, dalle 9.45, si entrer\u00e0 nel vivo della discussione con l\u2019intervento di Claudio Mazza, presidente FEE, che illustrer\u00e0 il valore della Bandiera Blu e la sua rilevanza per lo sviluppo sostenibile del litorale. Con lui interverranno Danilo Lo Giudice, sindaco di Santa Teresa di Riva, Cateno De Luca, sindaco di Taormina, e Ivo Blandina, amministratore della Marina del Nettuno, che condivideranno esperienze e progetti avviati nei rispettivi territori per migliorare la qualit\u00e0 delle spiagge e dei servizi connessi.<br>In particolare, i sindaci Danilo Lo Giudice e Cateno De Luca condivideranno l&#8217;esperienza dei loro comuni, Santa Teresa di Riva e Taormina, nel percorso per l&#8217;ottenimento e il mantenimento della Bandiera Blu.<br>Dalle 11 il focus si sposter\u00e0 sulle nuove concessioni demaniali e sul decreto regionale 34 del\u00a019 febbraio 2025, con gli interventi del direttore generale del Comune di Messina Salvo Puccio e dell\u2019assessore alle Politiche del mare Francesco Caminiti, che approfondiranno gli aspetti normativi e amministrativi relativi alla gestione del demanio marittimo.<br>L\u2019evento si concluder\u00e0 alle 12 con l\u2019intervento finale di Claudio Mazza, che parler\u00e0 della certificazione Green Key, altro riconoscimento internazionale della FEE per le strutture turistiche che adottano pratiche di sostenibilit\u00e0 ambientale.<br>&#8220;Messina verso la Bandiera Blu&#8221; sar\u00e0 quindi un momento cruciale per tracciare il percorso della citt\u00e0 verso standard sempre pi\u00f9 elevati di sostenibilit\u00e0 e qualit\u00e0 ambientale, puntando al raggiungimento di un obiettivo che rappresenterebbe un valore aggiunto per il territorio e per la sua vocazione turistica.<div id=\"videoincontent\" style=\"clear:both\";><\/div><\/p>\n","protected":false},"excerpt":{"rendered":"<p>Palazzo Zanca ci riprova ad ottenere la bandiera blu. Un percorso avviato da Cateno De Luca ed oggi portato avanti da Federico Basile. Un nuovo tentativo verso l&#8217;ottenimento del prestigioso riconoscimento. Sar\u00e0 la volta buona? Venerd\u00ec 14 marzo, presso il Salone degli Specchi di Messina, si terr\u00e0 l&#8217;evento &#8220;Messina verso la Bandiera Blu&#8221;, un&#8217;importante occasione [&hellip;]<\/p>\n","protected":false},"author":2,"featured_media":22070,"comment_status":"open","ping_status":"open","sticky":false,"template":"","format":"standard","meta":{"ub_ctt_via":"","_mi_skip_tracking":false},"categories":[19],"tags":[11388,2972,30],"featured_image_src":"https:\/\/www.messinaoggi.it\/website\/wp-content\/uploads\/2018\/07\/Castel-di-Tusa-spiaggia-bandiera-blu-messinaoggiMarcyRuggi-1.jpg","author_info":{"display_name":"Redazione","author_link":"https:\/\/www.messinaoggi.it\/website\/author\/redazione\/"},"digistream_id":0,"digistream":false,"_links":{"self":[{"href":"https:\/\/www.messinaoggi.it\/website\/wp-json\/wp\/v2\/posts\/231266"}],"collection":[{"href":"https:\/\/www.messinaoggi.it\/website\/wp-json\/wp\/v2\/posts"}],"about":[{"href":"https:\/\/www.messinaoggi.it\/website\/wp-json\/wp\/v2\/types\/post"}],"author":[{"embeddable":true,"href":"https:\/\/www.messinaoggi.it\/website\/wp-json\/wp\/v2\/users\/2"}],"replies":[{"embeddable":true,"href":"https:\/\/www.messinaoggi.it\/website\/wp-json\/wp\/v2\/comments?post=231266"}],"version-history":[{"count":1,"href":"https:\/\/www.messinaoggi.it\/website\/wp-json\/wp\/v2\/posts\/231266\/revisions"}],"predecessor-version":[{"id":231267,"href":"https:\/\/www.messinaoggi.it\/website\/wp-json\/wp\/v2\/posts\/231266\/revisions\/231267"}],"wp:featuredmedia":[{"embeddable":true,"href":"https:\/\/www.messinaoggi.it\/website\/wp-json\/wp\/v2\/media\/22070"}],"wp:attachment":[{"href":"https:\/\/www.messinaoggi.it\/website\/wp-json\/wp\/v2\/media?parent=231266"}],"wp:term":[{"taxonomy":"category","embeddable":true,"href":"https:\/\/www.messinaoggi.it\/website\/wp-json\/wp\/v2\/categories?post=231266"},{"taxonomy":"post_tag","embeddable":true,"href":"https:\/\/www.messinaoggi.it\/website\/wp-json\/wp\/v2\/tags?post=231266"}],"curies":[{"name":"wp","href":"https:\/\/api.w.org\/{rel}","templated":true}]}}