{"id":231019,"date":"2025-03-07T18:05:42","date_gmt":"2025-03-07T17:05:42","guid":{"rendered":"https:\/\/www.messinaoggi.it\/website\/2025\/03\/07\/iicb-e-sbs-per-i-pazienti-il-nodo-della-presa-in-carico\/"},"modified":"2025-03-07T18:05:42","modified_gmt":"2025-03-07T17:05:42","slug":"iicb-e-sbs-per-i-pazienti-il-nodo-della-presa-in-carico","status":"publish","type":"post","link":"https:\/\/www.messinaoggi.it\/website\/2025\/03\/07\/iicb-e-sbs-per-i-pazienti-il-nodo-della-presa-in-carico\/","title":{"rendered":"IICB e SBS, per i pazienti il nodo della presa in carico"},"content":{"rendered":"<div>MILANO (ITALPRESS) &#8211; Presentato, durante un evento che si \u00e8 tenuto al Palazzo Pirelli a Milano, un documento d&#8217;indirizzo per la presa in carico in Lombardia dei pazienti affetti da Insufficienza Intestinale Cronica Benigna e da Sindrome dell&#8217;Intestino Corto. Il documento, promosso dall&#8217;Associazione Un Filo per la Vita Onlus, con il contributo non condizionante di Takeda, \u00e8 frutto del lavoro corale di rappresentanti del mondo scientifico e sanitario che fanno capo ai centri di riferimento lombardi per la patologia IICB e SBS e si avvale del contributo di clinici ed esperti della malattia. Punta a dare una risposta a chi \u00e8 costretto a convivere con una malattia rara ma molto debilitante: l&#8217;Insufficienza Intestinale Cronica Benigna (IICB) \u00e8 una grave insufficienza che comporta il fatto che l&#8217;intestino non assorbe i macronutrienti e che, se non trattata, porta alla morte per denutrizione.<br \/>In Italia si stimano 12 casi su un milione di abitanti, capita spesso che la malattia colpisca anche bambini e neonati: &#8220;La terapia salvavita per la IICB &#8211; ha detto il professore Gian Vincenzo Zuccotti, Direttore del Dipartimento di Pediatria Ospedale Vittore Buzzi durante l&#8217;incontro &#8211; \u00e8 la somministrazione di nutrizione per via parenterale. Attualmente in Italia sussiste un vuoto legislativo per cui alcune forme di IICB non godono di nessuna copertura sanitaria, non essendo inquadrate come esenzione o malattia rara&#8221;. Secondo i dati epidemiologici il 40% dei casi di IICB consegue a complicanze di malattie gi\u00e0 riconosciute dal SSN mentre la parte restante \u00e8 legata a patologie, fra queste la Sindrome dell&#8217;Intestino Corto, che non hanno riconoscimento.<br \/>L&#8217;incontro di mercoled\u00ec 6 marzo a Milano ha avuto lo scopo, oltre che di presentare il documento d&#8217;indirizzo rivolto ai referenti istituzionali della Regione Lombardia per la creazione di un modello territoriale di presa in carico dei pazienti, di chiedere che l&#8217;IICB sia inserita nell&#8217;ambito dei Livelli Essenziali di Assistenza regionali. &#8220;Rientrare nell&#8217;elenco delle malattie rare potrebbe assicurare ai soggetti affetti da IICB, che sono pazienti ad alto rischio di vita, specifiche forme di tutela&#8221;, ha detto Sergio Felicioni, Presidente dell&#8217;Associazione Un Filo per la Vita, Onlus. &#8220;Le persone che soffrono di questa patologia non si nutrono normalmente &#8211; ha chiarito Margherita Gregori, Segretario Generale Un Filo per la Vita Onlus ad Italpress &#8211; ma sono attaccati a delle pompe che, attraverso un filo, prendono i nutrienti da sacche. Ci\u00f2 serve per poter vivere e sopravvivere&#8221;. Ad oggi solo Valle D&#8217;Aosta e Piemonte hanno riconosciuto l&#8217;IICB come malattia rara in extra LEA ovvero la possibilit\u00e0 per i pazienti di usufruire gratuitamente di prestazioni sanitarie non ricomprese nei livelli essenziali di assistenza.<br \/>&#8220;Il cuore della discussione &#8211; ha detto Silvia Scurati, Consigliere Regione Lombardia &#8211; \u00e8 il riconoscimento a livello socio-sanitario, a partire dall&#8217;inserimento della patologia nei LEA, ne siamo consapevoli ed \u00e8 anche per questo che \u00e8 stato attivato un tavolo tecnico in Regione Lombardia. Quello che la politica pu\u00f2 fare \u00e8 lavorare con i soggetti coinvolti per creare un modello territoriale di presa in carico dei pazienti. Sicuramente serve innanzitutto un approccio epidemiologico certo, quindi servono dei dati che siano consolidati, soprattutto per i pazienti adulti. Questo \u00e8 il primo passo per poter arrivare poi a creare un registro che serva anche a capire i costi necessari per andare incontro alle richieste legittime delle associazioni dei pazienti, dei caregiver, di tutti i familiari&#8221;.<br \/>Il documento d&#8217;indirizzo presentato ha visto il contributo, oltre che del professore Gian Vincenzo Zuccotti e del dottor Lorenzo Norsa, Dirigente Medico Gastroenterologia Pediatrica all&#8217;Ospedale Vittore Buzzi, di altri rappresentanti del mondo scientifico sanitario.<div id=\"div-gpt-ad-Messinaoggi.it-DSK-300x250-corpoart\" style=\"text-align:center;margin:0 auto;\"><\/div><\/p>\n<p>&#8211; Foto f03\/Italpress &#8211;<div id=\"videoincontent\" style=\"clear:both\";><\/div><\/p>\n<p>(ITALPRESS).<\/p><\/div>\n","protected":false},"excerpt":{"rendered":"<p>MILANO (ITALPRESS) &#8211; Presentato, durante un evento che si \u00e8 tenuto al Palazzo Pirelli a Milano, un documento d&#8217;indirizzo per la presa in carico in Lombardia dei pazienti affetti da Insufficienza Intestinale Cronica Benigna e da Sindrome dell&#8217;Intestino Corto. Il documento, promosso dall&#8217;Associazione Un Filo per la Vita Onlus, con il contributo non condizionante di [&hellip;]<\/p>\n","protected":false},"author":18,"featured_media":231020,"comment_status":"closed","ping_status":"closed","sticky":false,"template":"","format":"standard","meta":{"ub_ctt_via":"","_mi_skip_tracking":false},"categories":[446],"tags":[783],"featured_image_src":"https:\/\/www.messinaoggi.it\/website\/wp-content\/uploads\/2025\/03\/20250307_0873.jpg","author_info":{"display_name":"Admin","author_link":"https:\/\/www.messinaoggi.it\/website\/author\/admin\/"},"digistream_id":0,"digistream":false,"_links":{"self":[{"href":"https:\/\/www.messinaoggi.it\/website\/wp-json\/wp\/v2\/posts\/231019"}],"collection":[{"href":"https:\/\/www.messinaoggi.it\/website\/wp-json\/wp\/v2\/posts"}],"about":[{"href":"https:\/\/www.messinaoggi.it\/website\/wp-json\/wp\/v2\/types\/post"}],"author":[{"embeddable":true,"href":"https:\/\/www.messinaoggi.it\/website\/wp-json\/wp\/v2\/users\/18"}],"replies":[{"embeddable":true,"href":"https:\/\/www.messinaoggi.it\/website\/wp-json\/wp\/v2\/comments?post=231019"}],"version-history":[{"count":0,"href":"https:\/\/www.messinaoggi.it\/website\/wp-json\/wp\/v2\/posts\/231019\/revisions"}],"wp:featuredmedia":[{"embeddable":true,"href":"https:\/\/www.messinaoggi.it\/website\/wp-json\/wp\/v2\/media\/231020"}],"wp:attachment":[{"href":"https:\/\/www.messinaoggi.it\/website\/wp-json\/wp\/v2\/media?parent=231019"}],"wp:term":[{"taxonomy":"category","embeddable":true,"href":"https:\/\/www.messinaoggi.it\/website\/wp-json\/wp\/v2\/categories?post=231019"},{"taxonomy":"post_tag","embeddable":true,"href":"https:\/\/www.messinaoggi.it\/website\/wp-json\/wp\/v2\/tags?post=231019"}],"curies":[{"name":"wp","href":"https:\/\/api.w.org\/{rel}","templated":true}]}}