{"id":23083,"date":"2018-08-08T17:38:52","date_gmt":"2018-08-08T15:38:52","guid":{"rendered":"http:\/\/www.messinaoggi.it\/website\/?p=23083"},"modified":"2018-08-08T17:38:52","modified_gmt":"2018-08-08T15:38:52","slug":"valdinisi-definito-lo-staff-tecnico-edizione-2018-19","status":"publish","type":"post","link":"https:\/\/www.messinaoggi.it\/website\/2018\/08\/08\/valdinisi-definito-lo-staff-tecnico-edizione-2018-19\/","title":{"rendered":"Valdinisi: definito lo staff tecnico edizione 2018\/19. Saluta Fabio Renzo"},"content":{"rendered":"<p style=\"text-align: justify\">Tempo di riconferme e novit\u00e0 in casa <strong>Valdinisi<\/strong>: la prima mossa del nuovo presidente Ciccio Basile\u00a0\u00e8 la riconferma totale dello staff tecnico, con l&#8217;aggiunta importante di <a href=\"https:\/\/www.facebook.com\/simone.saida\">Simone Saida<\/a> il quale, dopo anni dedicati alla scuola calcio, sar\u00e0 il vice di mister Giacomo Parisi.<div id=\"div-gpt-ad-Messinaoggi.it-DSK-300x250-corpoart\" style=\"text-align:center;margin:0 auto;\"><\/div><\/p>\n<p style=\"text-align: justify\">Ma la novit\u00e0 assoluta \u00e8 rappresentata da <a href=\"https:\/\/www.facebook.com\/giuseppe.allegra.79\">Giuseppe Allegra<\/a>, gi\u00e0 preparatore dei portieri la scorsa stagione &#8211;\u00a0nonch\u00e9\u00a0indimenticato estremo difensore nell&#8217;Interclub S.Teresa nei bei tempi che furono &#8211;\u00a0sar\u00e0 anche l&#8217;allenatore della squadra juniores.<div id=\"videoincontent\" style=\"clear:both\";><\/div><\/p>\n<p style=\"text-align: justify\">Conferme e ingressi importanti quindi, che andranno a puntellare una struttura societaria gi\u00e0 solida e affiatatissima. Fondamentale appare\u00a0poi, la completa sintonia tra il direttore generale Salvo Basile e il tecnico Parisi.<\/p>\n<div id=\"attachment_16310\" style=\"width: 310px\" class=\"wp-caption alignnone\"><img aria-describedby=\"caption-attachment-16310\" loading=\"lazy\" class=\"size-medium wp-image-16310\" src=\"http:\/\/www.messinaoggi.it\/website\/wp-content\/uploads\/2018\/03\/Renzo-Fabio-300x213.jpg\" alt=\"\" width=\"300\" height=\"213\" \/><p id=\"caption-attachment-16310\" class=\"wp-caption-text\">Fabio Renzo<\/p><\/div>\n<p style=\"text-align: justify\">Frattanto si apprende che Fabio Renzo ha lasciato, dopo appena una stagione, l&#8217;incarico di responsabile del settore giovanile del Valdinisi: <em>&#8220;Ho scelto liberamente di non proseguire questa esperienza <\/em>&#8211; ha dichiarato il diretto interessato, attraverso il profilo facebook personale <em>-. Nonostante sia stato confermato, non ritengo di poter esprimermi ai livelli che mi sono prefissa<span class=\"text_exposed_show\">to all&#8217;inizio di questa avventura&#8221;.<\/span><\/em><\/p>\n<p style=\"text-align: justify\">Di seguito lo staff tecnico del club biancorosso per la stagione 2018\/2019:<br \/>\nAllenatore &#8211; Giacomo Parisi.<\/p>\n<p style=\"text-align: justify\">Vice allenatore &#8211; Simone Saida.<\/p>\n<p style=\"text-align: justify\">Preparatore dei portieri e tecnico squadra Juniores &#8211; Peppe Allegra.<\/p>\n<p style=\"text-align: justify\"><em><strong>L&#8217;immagine \u00e8 tratta dal profilo facebook del Valdinisi Calcio<\/strong><\/em><\/p>\n","protected":false},"excerpt":{"rendered":"<p>Tempo di riconferme e novit\u00e0 in casa Valdinisi: la prima mossa del nuovo presidente Ciccio Basile\u00a0\u00e8 la riconferma totale dello staff tecnico, con l&#8217;aggiunta importante di Simone Saida il quale, dopo anni dedicati alla scuola calcio, sar\u00e0 il vice di mister Giacomo Parisi. Ma la novit\u00e0 assoluta \u00e8 rappresentata da Giuseppe Allegra, gi\u00e0 preparatore dei [&hellip;]<\/p>\n","protected":false},"author":11,"featured_media":23084,"comment_status":"closed","ping_status":"open","sticky":false,"template":"","format":"standard","meta":{"ub_ctt_via":"","_mi_skip_tracking":false},"categories":[10,15,9],"tags":[],"featured_image_src":"https:\/\/www.messinaoggi.it\/website\/wp-content\/uploads\/2018\/08\/staff-tecnico-Valdinisi-2018-19-1.jpg","author_info":{"display_name":"redsport","author_link":"https:\/\/www.messinaoggi.it\/website\/author\/redsport\/"},"digistream_id":0,"digistream":false,"_links":{"self":[{"href":"https:\/\/www.messinaoggi.it\/website\/wp-json\/wp\/v2\/posts\/23083"}],"collection":[{"href":"https:\/\/www.messinaoggi.it\/website\/wp-json\/wp\/v2\/posts"}],"about":[{"href":"https:\/\/www.messinaoggi.it\/website\/wp-json\/wp\/v2\/types\/post"}],"author":[{"embeddable":true,"href":"https:\/\/www.messinaoggi.it\/website\/wp-json\/wp\/v2\/users\/11"}],"replies":[{"embeddable":true,"href":"https:\/\/www.messinaoggi.it\/website\/wp-json\/wp\/v2\/comments?post=23083"}],"version-history":[{"count":0,"href":"https:\/\/www.messinaoggi.it\/website\/wp-json\/wp\/v2\/posts\/23083\/revisions"}],"wp:featuredmedia":[{"embeddable":true,"href":"https:\/\/www.messinaoggi.it\/website\/wp-json\/wp\/v2\/media\/23084"}],"wp:attachment":[{"href":"https:\/\/www.messinaoggi.it\/website\/wp-json\/wp\/v2\/media?parent=23083"}],"wp:term":[{"taxonomy":"category","embeddable":true,"href":"https:\/\/www.messinaoggi.it\/website\/wp-json\/wp\/v2\/categories?post=23083"},{"taxonomy":"post_tag","embeddable":true,"href":"https:\/\/www.messinaoggi.it\/website\/wp-json\/wp\/v2\/tags?post=23083"}],"curies":[{"name":"wp","href":"https:\/\/api.w.org\/{rel}","templated":true}]}}