{"id":230725,"date":"2025-03-05T17:05:39","date_gmt":"2025-03-05T16:05:39","guid":{"rendered":"https:\/\/www.messinaoggi.it\/website\/2025\/03\/05\/ranieri-avverte-lathletic-bilbao-non-e-solo-nico-williams\/"},"modified":"2025-03-05T17:05:39","modified_gmt":"2025-03-05T16:05:39","slug":"ranieri-avverte-lathletic-bilbao-non-e-solo-nico-williams","status":"publish","type":"post","link":"https:\/\/www.messinaoggi.it\/website\/2025\/03\/05\/ranieri-avverte-lathletic-bilbao-non-e-solo-nico-williams\/","title":{"rendered":"Ranieri avverte \u201cL\u2019Athletic Bilbao non \u00e8 solo Nico Williams\u201d"},"content":{"rendered":"<div>ROMA (ITALPRESS) &#8211; &#8220;Stanno tutti bene e sono tutti arruolabili e disponibili&#8221;. Claudio Ranieri ha l&#8217;imbarazzo della scelta alla vigilia dell&#8217;andata degli ottavi di Europa League contro l&#8217;Athletic Bilbao all&#8217;Olimpico. &#8220;La situazione di Hummels? Capisco quando le cose vanno male, ma non capisco perch\u00e8 cercare adesso queste cose. E&#8217; un ragazzo che sta a Roma, va a vedere la citt\u00e0 ed \u00e8 tranquillo. Non c&#8217;\u00e8 niente. Vado d&#8217;amore e d&#8217;accordo con tutti&#8221;, ha aggiunto Ranieri in riferimento all&#8217;ultimo post Instagram del difensore tedesco (&#8220;L&#8217;Oscar per la vacanza pi\u00f9 lunga va a&#8230;&#8221;) che secondo qualche tifoso aveva una nota polemica alla luce delle ultime esclusioni. Su Pellegrini: &#8220;Si diverte pure lui, ma non lo dimostra. E&#8217; un ragazzo molto introverso, vorrei che si divertisse di pi\u00f9 perch\u00e8 ha qualit\u00e0 che pochi giocatori hanno. Tra stasera e domani mattina far\u00f2 tutte le valutazioni, poi decider\u00f2 chi giocher\u00e0. L&#8217;esperienza conta tantissimo, ho giocatori che sono abituati a giocare a determinati livelli&#8221;, le parole del tecnico giallorosso. Sui prossimi avversari: &#8220;E&#8217; una squadra quarta in classifica, ben costruita, con un senso di appartenenza meraviglioso. Nico Williams? Quando si gioca a zona si cerca di chiudere determinati settori di campo per impedire che vada in possesso. L&#8217;Athletic \u00e8 la prima per dribbling, quindi non c&#8217;\u00e8 solo lui: davanti hanno molta qualit\u00e0 e bisogna stare attenti&#8221;. In conferenza stampa, al fianco di Ranieri, c&#8217;era Angelino. &#8220;La nazionale spagnola? E&#8217; un sogno, devo continuare a lavorare duramente per raggiungerlo&#8221;, risponde l&#8217;esterno, che sulla sua posizione di quinto di sinistra si dice &#8220;molto contento perch\u00e8 mi sento a mio agio in questo ruolo, voglio continuare a dare il massimo. La squadra sta vivendo un momento di forma incredibile e tutti si stanno esprimendo ad un ottimo livello. Se sto giocando cos\u00ec \u00e8 anche merito del gruppo&#8221;.<br \/>&#8211; foto Ipa Agency &#8211;<br \/>(ITALPRESS).<\/div>\n<div id=\"div-gpt-ad-Messinaoggi.it-DSK-300x250-corpoart\" style=\"text-align:center;margin:0 auto;\"><\/div><\/p><div id=\"videoincontent\" style=\"clear:both\";><\/div>","protected":false},"excerpt":{"rendered":"<p>ROMA (ITALPRESS) &#8211; &#8220;Stanno tutti bene e sono tutti arruolabili e disponibili&#8221;. Claudio Ranieri ha l&#8217;imbarazzo della scelta alla vigilia dell&#8217;andata degli ottavi di Europa League contro l&#8217;Athletic Bilbao all&#8217;Olimpico. &#8220;La situazione di Hummels? Capisco quando le cose vanno male, ma non capisco perch\u00e8 cercare adesso queste cose. E&#8217; un ragazzo che sta a Roma, [&hellip;]<\/p>\n","protected":false},"author":18,"featured_media":230726,"comment_status":"closed","ping_status":"closed","sticky":false,"template":"","format":"standard","meta":{"ub_ctt_via":"","_mi_skip_tracking":false},"categories":[446],"tags":[783],"featured_image_src":"https:\/\/www.messinaoggi.it\/website\/wp-content\/uploads\/2025\/03\/20250305_1044.jpg","author_info":{"display_name":"Admin","author_link":"https:\/\/www.messinaoggi.it\/website\/author\/admin\/"},"digistream_id":0,"digistream":false,"_links":{"self":[{"href":"https:\/\/www.messinaoggi.it\/website\/wp-json\/wp\/v2\/posts\/230725"}],"collection":[{"href":"https:\/\/www.messinaoggi.it\/website\/wp-json\/wp\/v2\/posts"}],"about":[{"href":"https:\/\/www.messinaoggi.it\/website\/wp-json\/wp\/v2\/types\/post"}],"author":[{"embeddable":true,"href":"https:\/\/www.messinaoggi.it\/website\/wp-json\/wp\/v2\/users\/18"}],"replies":[{"embeddable":true,"href":"https:\/\/www.messinaoggi.it\/website\/wp-json\/wp\/v2\/comments?post=230725"}],"version-history":[{"count":0,"href":"https:\/\/www.messinaoggi.it\/website\/wp-json\/wp\/v2\/posts\/230725\/revisions"}],"wp:featuredmedia":[{"embeddable":true,"href":"https:\/\/www.messinaoggi.it\/website\/wp-json\/wp\/v2\/media\/230726"}],"wp:attachment":[{"href":"https:\/\/www.messinaoggi.it\/website\/wp-json\/wp\/v2\/media?parent=230725"}],"wp:term":[{"taxonomy":"category","embeddable":true,"href":"https:\/\/www.messinaoggi.it\/website\/wp-json\/wp\/v2\/categories?post=230725"},{"taxonomy":"post_tag","embeddable":true,"href":"https:\/\/www.messinaoggi.it\/website\/wp-json\/wp\/v2\/tags?post=230725"}],"curies":[{"name":"wp","href":"https:\/\/api.w.org\/{rel}","templated":true}]}}