{"id":230629,"date":"2025-03-04T22:05:43","date_gmt":"2025-03-04T21:05:43","guid":{"rendered":"https:\/\/www.messinaoggi.it\/website\/2025\/03\/04\/inzaghi-linter-sta-bene-ci-faremo-trovare-pronti\/"},"modified":"2025-03-04T22:05:43","modified_gmt":"2025-03-04T21:05:43","slug":"inzaghi-linter-sta-bene-ci-faremo-trovare-pronti","status":"publish","type":"post","link":"https:\/\/www.messinaoggi.it\/website\/2025\/03\/04\/inzaghi-linter-sta-bene-ci-faremo-trovare-pronti\/","title":{"rendered":"Inzaghi \u201cL\u2019Inter sta bene, ci faremo trovare pronti\u201d"},"content":{"rendered":"<div>ROTTERDAM (OLANDA) (ITALPRESS) &#8211; &#8220;L&#8217;Inter sta bene. Sappiamo che \u00e8 un momento di emergenza, soprattutto in uno specifico settore del campo. Ma abbiamo lavorato tanto per questi ottavi di finale, sappiamo che \u00e8 un momento cruciale della stagione. Domani ci faremo trovare pronti&#8221;&#8221;. Lo ha detto a Sky il tecnico dell&#8217;Inter, Simone Inzaghi, alla vigilia della gara di andata degli ottavi di Champions in casa del Feyenoord. &#8220;Sappiamo che poi ci sar\u00e0 un ritorno la prossima settima a San Siro &#8211; ha proseguito il mister dei campioni d&#8217;Italia &#8211; e che dovremo fare una partita importante in uno stadio che trascina. Loro hanno cambiato allenatore (Van Persie, ndr) e fatto ottimi risultati in Champions con Bayern, Milan e City. Hanno giocatori di qualit\u00e0 e ci vorr\u00e0 attenzione&#8221;. Il rientro di Sommer tra i pali \u00e8 rimandato: &#8220;Ha fatto un grandissimo lavoro, \u00e8 gi\u00e0 pienamente disponibile ma penso che domani giocher\u00e0 Martinez&#8221;, ha concluso Inzaghi. &#8220;Per me non poteva andare meglio, sar\u00e0 molto speciale. Sono contentissimo di tornare qui &#8211; ha sottolineato il difensore olandese Stefan De Vrij &#8211; Parlo per esperienza, so com&#8217;\u00e8 giocare in questo ambiente e per questi tifosi. In Champions riescono a tirare fuori qualcosa in pi\u00f9, hanno battutto il Bayern e il Milan. Sar\u00e0 una partita molto dura. Noi favoriti? Giochiamo ogni partita per vincere e in queste due non sar\u00e0 diverso. Siamo consapevoli della nostra forza e della qualit\u00e0 che abbiamo, lo vogliamo dimostrare&#8221;, ha assicurato l&#8217;ex laziale.<br \/>&#8211; Foto Ipa Agency &#8211;<br \/>(ITALPRESS).<\/div>\n<div id=\"div-gpt-ad-Messinaoggi.it-DSK-300x250-corpoart\" style=\"text-align:center;margin:0 auto;\"><\/div><\/p><div id=\"videoincontent\" style=\"clear:both\";><\/div>","protected":false},"excerpt":{"rendered":"<p>ROTTERDAM (OLANDA) (ITALPRESS) &#8211; &#8220;L&#8217;Inter sta bene. Sappiamo che \u00e8 un momento di emergenza, soprattutto in uno specifico settore del campo. Ma abbiamo lavorato tanto per questi ottavi di finale, sappiamo che \u00e8 un momento cruciale della stagione. Domani ci faremo trovare pronti&#8221;&#8221;. Lo ha detto a Sky il tecnico dell&#8217;Inter, Simone Inzaghi, alla vigilia [&hellip;]<\/p>\n","protected":false},"author":18,"featured_media":230630,"comment_status":"closed","ping_status":"closed","sticky":false,"template":"","format":"standard","meta":{"ub_ctt_via":"","_mi_skip_tracking":false},"categories":[446],"tags":[783],"featured_image_src":"https:\/\/www.messinaoggi.it\/website\/wp-content\/uploads\/2025\/03\/20250304_2203.jpg","author_info":{"display_name":"Admin","author_link":"https:\/\/www.messinaoggi.it\/website\/author\/admin\/"},"digistream_id":0,"digistream":false,"_links":{"self":[{"href":"https:\/\/www.messinaoggi.it\/website\/wp-json\/wp\/v2\/posts\/230629"}],"collection":[{"href":"https:\/\/www.messinaoggi.it\/website\/wp-json\/wp\/v2\/posts"}],"about":[{"href":"https:\/\/www.messinaoggi.it\/website\/wp-json\/wp\/v2\/types\/post"}],"author":[{"embeddable":true,"href":"https:\/\/www.messinaoggi.it\/website\/wp-json\/wp\/v2\/users\/18"}],"replies":[{"embeddable":true,"href":"https:\/\/www.messinaoggi.it\/website\/wp-json\/wp\/v2\/comments?post=230629"}],"version-history":[{"count":0,"href":"https:\/\/www.messinaoggi.it\/website\/wp-json\/wp\/v2\/posts\/230629\/revisions"}],"wp:featuredmedia":[{"embeddable":true,"href":"https:\/\/www.messinaoggi.it\/website\/wp-json\/wp\/v2\/media\/230630"}],"wp:attachment":[{"href":"https:\/\/www.messinaoggi.it\/website\/wp-json\/wp\/v2\/media?parent=230629"}],"wp:term":[{"taxonomy":"category","embeddable":true,"href":"https:\/\/www.messinaoggi.it\/website\/wp-json\/wp\/v2\/categories?post=230629"},{"taxonomy":"post_tag","embeddable":true,"href":"https:\/\/www.messinaoggi.it\/website\/wp-json\/wp\/v2\/tags?post=230629"}],"curies":[{"name":"wp","href":"https:\/\/api.w.org\/{rel}","templated":true}]}}