{"id":230596,"date":"2025-03-04T19:05:39","date_gmt":"2025-03-04T18:05:39","guid":{"rendered":"https:\/\/www.messinaoggi.it\/website\/2025\/03\/04\/salvini-italia-puo-dialogare-con-trump-no-allesercito-europeo\/"},"modified":"2025-03-04T19:05:39","modified_gmt":"2025-03-04T18:05:39","slug":"salvini-italia-puo-dialogare-con-trump-no-allesercito-europeo","status":"publish","type":"post","link":"https:\/\/www.messinaoggi.it\/website\/2025\/03\/04\/salvini-italia-puo-dialogare-con-trump-no-allesercito-europeo\/","title":{"rendered":"Salvini \u201cItalia pu\u00f2 dialogare con Trump, no all\u2019esercito europeo\u201d"},"content":{"rendered":"<div>MILANO (ITALPRESS) &#8211; <em>&#8220;Io penso che l&#8217;Italia sia in una posizione che le pu\u00f2 permettere di dialogare&#8221;<\/em> con gli Stati Uniti. <em>&#8220;Io penso che un contenzioso aperto ci sia con i tedeschi, ma noi non siamo l&#8217;obiettivo di Trump. Se l&#8217;ottica di Trump \u00e8 ridurre il disavanzo commerciale, non penso che mettere dazi su prodotti Italo-americani vada in questa direzione. Se questa empatia, questa canale diretto e questa consonanza di interessi che oggi c&#8217;\u00e8 tra Roma e Washington ci fosse tra Parigi o Berlino e Washington, Macron e Scholz penserebbero all&#8217;interesse europeo o a salvaguardare le aziende del loro Paese?&#8221;<\/em>. Lo ha detto il vicepremier e ministro delle Infrastrutture e dei Trasporti, Matteo <strong>Salvini,<\/strong> a Milano intervenendo alla nona edizione di Shipping, Forwarding &amp; Logistics meet Industry alla sede di Assolombarda.<div id=\"div-gpt-ad-Messinaoggi.it-DSK-300x250-corpoart\" style=\"text-align:center;margin:0 auto;\"><\/div><\/p>\n<p><em>&#8220;Tra Russia e Ucraina nessuno vince sul campo. Mi \u00e8 ben chiara la distinzione tra aggressore e aggredito. Sono passati mezzo milione di morti e centinaia di miliardi di euro, investiti non in sanit\u00e0 e scuole, ma in armi. E c&#8217;\u00e8 stallo, anzi se qualcuno sta avanzando non \u00e8 l&#8217;Ucraina&#8221;,<\/em> ha sottolineato Salvini.<div id=\"videoincontent\" style=\"clear:both\";><\/div><\/p>\n<p><em>&#8220;Esercito europeo? Mi tengo stretta la marina militare italiana. Gi\u00e0 hanno fatto l&#8217;esperimento della moneta senza Stato, chi comanda l&#8217;esercito europeo? Bisogna ragionare senza certezze e abbiamo un&#8217;occasione straordinaria nei prossimi anni per ricostruire il paese. Se ci fosse un esercito unico europeo oggi l&#8217;Ue manderebbe le truppe in Ucraina<\/em> &#8211; ha detto ancora il vicepremier.<\/p>\n<p>&#8211; Foto IPA Agency &#8211;<\/p>\n<p>(ITALPRESS).<\/p><\/div>\n","protected":false},"excerpt":{"rendered":"<p>MILANO (ITALPRESS) &#8211; &#8220;Io penso che l&#8217;Italia sia in una posizione che le pu\u00f2 permettere di dialogare&#8221; con gli Stati Uniti. &#8220;Io penso che un contenzioso aperto ci sia con i tedeschi, ma noi non siamo l&#8217;obiettivo di Trump. Se l&#8217;ottica di Trump \u00e8 ridurre il disavanzo commerciale, non penso che mettere dazi su prodotti [&hellip;]<\/p>\n","protected":false},"author":18,"featured_media":230597,"comment_status":"closed","ping_status":"closed","sticky":false,"template":"","format":"standard","meta":{"ub_ctt_via":"","_mi_skip_tracking":false},"categories":[446],"tags":[783],"featured_image_src":"https:\/\/www.messinaoggi.it\/website\/wp-content\/uploads\/2025\/03\/20250304_0742.jpg","author_info":{"display_name":"Admin","author_link":"https:\/\/www.messinaoggi.it\/website\/author\/admin\/"},"digistream_id":0,"digistream":false,"_links":{"self":[{"href":"https:\/\/www.messinaoggi.it\/website\/wp-json\/wp\/v2\/posts\/230596"}],"collection":[{"href":"https:\/\/www.messinaoggi.it\/website\/wp-json\/wp\/v2\/posts"}],"about":[{"href":"https:\/\/www.messinaoggi.it\/website\/wp-json\/wp\/v2\/types\/post"}],"author":[{"embeddable":true,"href":"https:\/\/www.messinaoggi.it\/website\/wp-json\/wp\/v2\/users\/18"}],"replies":[{"embeddable":true,"href":"https:\/\/www.messinaoggi.it\/website\/wp-json\/wp\/v2\/comments?post=230596"}],"version-history":[{"count":0,"href":"https:\/\/www.messinaoggi.it\/website\/wp-json\/wp\/v2\/posts\/230596\/revisions"}],"wp:featuredmedia":[{"embeddable":true,"href":"https:\/\/www.messinaoggi.it\/website\/wp-json\/wp\/v2\/media\/230597"}],"wp:attachment":[{"href":"https:\/\/www.messinaoggi.it\/website\/wp-json\/wp\/v2\/media?parent=230596"}],"wp:term":[{"taxonomy":"category","embeddable":true,"href":"https:\/\/www.messinaoggi.it\/website\/wp-json\/wp\/v2\/categories?post=230596"},{"taxonomy":"post_tag","embeddable":true,"href":"https:\/\/www.messinaoggi.it\/website\/wp-json\/wp\/v2\/tags?post=230596"}],"curies":[{"name":"wp","href":"https:\/\/api.w.org\/{rel}","templated":true}]}}