{"id":230559,"date":"2025-03-04T16:09:05","date_gmt":"2025-03-04T15:09:05","guid":{"rendered":"http:\/\/www.messinaoggi.it\/website\/?p=230559"},"modified":"2025-03-04T16:09:06","modified_gmt":"2025-03-04T15:09:06","slug":"torna-il-cinema-inclusivo-allapollo","status":"publish","type":"post","link":"https:\/\/www.messinaoggi.it\/website\/2025\/03\/04\/torna-il-cinema-inclusivo-allapollo\/","title":{"rendered":"Torna il cinema &#8220;inclusivo&#8221; all&#8217;Apollo"},"content":{"rendered":"\n<p>Ritorna &#8220;Nel Blu dipinto di Blu&#8221;, l\u2019iniziativa che rende il cinema un\u2019esperienza accessibile e inclusiva per le persone con spettro autistico e le loro famiglie. La manifestazione, fortemente voluta dall\u2019Amministrazione comunale di Messina e dalla Messina Social City, in collaborazione con il CNR &#8211; IRIB di Messina, l\u2019ASP di Messina, l\u2019IRCCS Centro Neurolesi Bonino Pulejo, l\u2019Associazione Spazio Arte, la Caronte &amp; Tourist, Cittadinanza Attiva e il Cineforum Autism Friendly Screening, prosegue il suo percorso con nuove proiezioni pensate per abbattere le barriere e favorire l\u2019inclusione sociale.<div id=\"div-gpt-ad-Messinaoggi.it-DSK-300x250-corpoart\" style=\"text-align:center;margin:0 auto;\"><\/div><\/p>\n\n\n\n<p>&#8220;Come Amministrazione comunale, crediamo fermamente che una comunit\u00e0 possa dirsi davvero inclusiva solo se ogni persona ha la possibilit\u00e0 di partecipare alla vita sociale e culturale senza ostacoli. L\u2019iniziativa &#8216;Nel Blu dipinto di Blu&#8217; rappresenta un tassello importante di un percorso pi\u00f9 ampio, che punta a rendere la citt\u00e0 di Messina sempre pi\u00f9 accogliente per tutti&#8221;, ha dichiarato il sindaco Federico Basile.<div id=\"videoincontent\" style=\"clear:both\";><\/div><\/p>\n\n\n\n<p>L\u2019assessora alle Politiche sociali, Alessandra Calafiore, ha sottolineato l&#8217;importanza del percorso condiviso con il tavolo tecnico sull\u2019autismo: &#8220;Affrontiamo insieme progettualit\u00e0 importanti non solo delle persone con spettro autistico, ma anche delle loro famiglie, sensibilizzando l\u2019intera comunit\u00e0 su questo tema fondamentale. Ogni piccolo passo in questa direzione contribuisce a costruire una citt\u00e0 che accoglie, supporta e valorizza ogni cittadino&#8221;.<\/p>\n\n\n\n<p>La presidente di Messina Social City, Valeria Asquini, ha evidenziato come il progetto rappresenti un passo in pi\u00f9 verso una citt\u00e0 accogliente: &#8220;L\u2019inclusione \u00e8 un processo che si costruisce giorno dopo giorno, attraverso interventi concreti come questo. Non si tratta solo di una rassegna cinematografica, ma di un\u2019esperienza che tiene conto delle esigenze di chi \u00e8 pi\u00f9 sensibile alle stimolazioni esterne, permettendo alle famiglie di vivere il cinema con serenit\u00e0&#8221;.<\/p>\n\n\n\n<p>Grazie al progetto Interpares dell\u2019IRIB &#8211; CNR di Messina, il Multisala Apollo diventa Punto Blu certificato come spazio inclusivo. Il personale sar\u00e0 adeguatamente formato per interagire con il pubblico, comprendere le necessit\u00e0 delle persone con ipersensorialit\u00e0 e affrontare eventuali situazioni critiche con la giusta preparazione. Queste attivit\u00e0 sono state pensate come studio pilota affinch\u00e9 il modello possa diventare una buona prassi replicabile in altri contesti.<\/p>\n\n\n\n<p>Le proiezioni autism friendly saranno caratterizzate da una serie di accorgimenti studiati per garantire un ambiente confortevole e sereno. Il volume sar\u00e0 ridotto per non creare eccessive stimolazioni sonore, e saranno disponibili cuffie antirumore per chi ne avesse necessit\u00e0. I bambini potranno muoversi liberamente nella sala, grazie a percorsi specifici pensati per facilitare l\u2019interazione con lo spazio. I bagni saranno attrezzati per accogliere al meglio le esigenze di tutti gli utenti, mentre sar\u00e0 allestita una saletta dedicata al rilascio sensoriale, dove i piccoli spettatori potranno trovare un ambiente pi\u00f9 tranquillo in caso di necessit\u00e0. Inoltre, sar\u00e0 pubblicato un calendario dettagliato delle proiezioni, con indicazioni precise sulle caratteristiche del film e le accortezze adottate, in linea con le linee guida internazionali sull\u2019autismo.<\/p>\n\n\n\n<p>Il CNR-IRIB di Messina, attraverso le parole della psicologa ricercatrice Flavia Marino del CNR, ha annunciato che \u201cl\u2019allestimento del Punto Blu al Multisala Apollo rappresenta un passo importante: formare il personale, predisporre spazi adeguati e adottare accortezze specifiche significa garantire un\u2019accoglienza che non sia episodica, ma strutturale. \u00c8 fondamentale che questa visione venga ampliata, perch\u00e9 ogni luogo pubblico, dal cinema al teatro, dai musei agli eventi culturali, dovrebbe poter offrire le stesse possibilit\u00e0 a tutte le persone, indipendentemente dalle loro necessit\u00e0.\u201d<\/p>\n\n\n\n<p>A ribadire l\u2019importanza della continuit\u00e0 dell\u2019iniziativa, Loredana Polizzi rappresentante di Spazio Arte, che ha lanciato una nuova sfida: &#8220;Vogliamo che l\u2019attivit\u00e0 prosegua con proiezioni Autism Friendly ogni sabato, e puntiamo a esportare questo modello in tutta la regione, facendoci promotori di un\u2019iniziativa di respiro ancora pi\u00f9 ampio&#8221;.<\/p>\n\n\n\n<p>Anche il settore sanitario e le istituzioni confermano il loro sostegno al progetto. &#8220;Parliamo di qualit\u00e0 della vita delle famiglie, supportando chi ha delle fragilit\u00e0. L\u2019inclusione ci vede protagonisti come realt\u00e0 che collaborano attivamente in diverse progettualit\u00e0&#8221;, ha affermato la dott.ssa Patan\u00e8 dell\u2019ASP di Messina. La Garante della Disabilit\u00e0 per il Comune di Messina, Tiziana De Maria, ha aggiunto: &#8220;Garantire un ambiente che favorisca la partecipazione delle persone con disabilit\u00e0 \u00e8 essenziale. Sono felice di essere parte di questa rete che lavora per abbattere le barriere fisiche e culturali&#8221;.<\/p>\n\n\n\n<p>Piera Calderone, diversity &amp; disability manager di Caronte &amp; Tourist, ha evidenziato come &#8220;un ambiente sereno e inclusivo che aiuti ad abbattere la paura di ci\u00f2 che non si conosce, favorendo una maggiore consapevolezza sull\u2019autismo e garantendo la possibilit\u00e0 di vivere una quotidianit\u00e0 normotipica&#8221;.<\/p>\n\n\n\n<p>Tutte le proiezioni si terranno il sabato alle ore 16 presso il Multisala Apollo:<\/p>\n\n\n\n<ul><li>8 marzo \u2013 Macka e la foresta incantata<\/li><li>22 marzo \u2013 Carneld, una missione gustosa<\/li><li>5 aprile \u2013 Luca<\/li><li>19 aprile \u2013 Marcel the Shell with Shoes On<\/li><\/ul>\n\n\n\n<p>&#8220;Questa rete di collaborazione tra diverse realt\u00e0 deve garantire un percorso strutturato di inclusione sociale&#8221;, ha concluso Daniela Bruno, membro del consiglio di amministrazione di Messina Social City.<\/p>\n\n\n\n<p>L&#8217;iniziativa continua a rappresentare un passo in avanti verso una societ\u00e0 pi\u00f9 inclusiva, dove il diritto alla cultura e alla socialit\u00e0 \u00e8 realmente garantito per tutti.<\/p>\n","protected":false},"excerpt":{"rendered":"<p>Ritorna &#8220;Nel Blu dipinto di Blu&#8221;, l\u2019iniziativa che rende il cinema un\u2019esperienza accessibile e inclusiva per le persone con spettro autistico e le loro famiglie. La manifestazione, fortemente voluta dall\u2019Amministrazione comunale di Messina e dalla Messina Social City, in collaborazione con il CNR &#8211; IRIB di Messina, l\u2019ASP di Messina, l\u2019IRCCS Centro Neurolesi Bonino Pulejo, [&hellip;]<\/p>\n","protected":false},"author":2,"featured_media":230560,"comment_status":"open","ping_status":"open","sticky":false,"template":"","format":"standard","meta":{"ub_ctt_via":"","_mi_skip_tracking":false},"categories":[5],"tags":[],"featured_image_src":"https:\/\/www.messinaoggi.it\/website\/wp-content\/uploads\/2025\/03\/Conferenza-Nel-blu-dipinto-di-Blu.jpg","author_info":{"display_name":"Redazione","author_link":"https:\/\/www.messinaoggi.it\/website\/author\/redazione\/"},"digistream_id":0,"digistream":false,"_links":{"self":[{"href":"https:\/\/www.messinaoggi.it\/website\/wp-json\/wp\/v2\/posts\/230559"}],"collection":[{"href":"https:\/\/www.messinaoggi.it\/website\/wp-json\/wp\/v2\/posts"}],"about":[{"href":"https:\/\/www.messinaoggi.it\/website\/wp-json\/wp\/v2\/types\/post"}],"author":[{"embeddable":true,"href":"https:\/\/www.messinaoggi.it\/website\/wp-json\/wp\/v2\/users\/2"}],"replies":[{"embeddable":true,"href":"https:\/\/www.messinaoggi.it\/website\/wp-json\/wp\/v2\/comments?post=230559"}],"version-history":[{"count":1,"href":"https:\/\/www.messinaoggi.it\/website\/wp-json\/wp\/v2\/posts\/230559\/revisions"}],"predecessor-version":[{"id":230561,"href":"https:\/\/www.messinaoggi.it\/website\/wp-json\/wp\/v2\/posts\/230559\/revisions\/230561"}],"wp:featuredmedia":[{"embeddable":true,"href":"https:\/\/www.messinaoggi.it\/website\/wp-json\/wp\/v2\/media\/230560"}],"wp:attachment":[{"href":"https:\/\/www.messinaoggi.it\/website\/wp-json\/wp\/v2\/media?parent=230559"}],"wp:term":[{"taxonomy":"category","embeddable":true,"href":"https:\/\/www.messinaoggi.it\/website\/wp-json\/wp\/v2\/categories?post=230559"},{"taxonomy":"post_tag","embeddable":true,"href":"https:\/\/www.messinaoggi.it\/website\/wp-json\/wp\/v2\/tags?post=230559"}],"curies":[{"name":"wp","href":"https:\/\/api.w.org\/{rel}","templated":true}]}}