{"id":23037,"date":"2018-08-07T13:23:00","date_gmt":"2018-08-07T11:23:00","guid":{"rendered":"http:\/\/www.messinaoggi.it\/website\/?p=23037"},"modified":"2018-08-07T13:23:00","modified_gmt":"2018-08-07T11:23:00","slug":"morgan-inaugura-lxi-edizione-di-concerti-al-tramonto","status":"publish","type":"post","link":"https:\/\/www.messinaoggi.it\/website\/2018\/08\/07\/morgan-inaugura-lxi-edizione-di-concerti-al-tramonto\/","title":{"rendered":"Morgan inaugura l&#039;XI\u00b0 edizione di Concerti al Tramonto"},"content":{"rendered":"<p>Tutto pronto per l\u2019XI edizione della rassegna musicale Concerti al Tramonto, che \u00a0prender\u00e0 il\u00a0 via venerd\u00ec nell\u2019incantevole \u00a0giardino dell\u2019Hotel Ravesi, sull\u2019isola\u00a0 di Salina. Ad inaugurare\u00a0 la kermesse canora sar\u00e0 il cantautore milanese<strong>\u00a0Morgan.<\/strong><br \/>\nFrontman dei Bluvertigo, \u00a0Morgan ha iniziato la carriera alla fine degli anni &#8217;80 e ha collaborato con artisti del calibro di Franco Battiato, Antonella Ruggiero, Patty Pravo e Subsonica. E&#8217; stato pi\u00f9 volte al Festival della Canzone Italiana: nel 1994 con &#8220;Iodio&#8221; i Bluvertigo conquistano il terzo posto a Sanremo Giovani, nel 2001 con &#8220;L&#8217;assenzio&#8221; e nel 2016 con &#8220;Semplicemente&#8221;.<br \/>\nGrazie a cinque album come band e sei album da solista, Morgan si \u00e8 imposto sulla scena musicale italiana grazie alle sue capacit\u00e0 da polistrumentista oltrech\u00e9 da cantante e ha dimostrato il suo talento anche come giudice e coach di altri artisti diventando l\u2019uomo che ha vinto pi\u00f9 edizioni di \u201cX-factor\u201d al mondo.<br \/>\nNel concerto live di Salina, immerso nell&#8217;incantevole scenario eoliano, proporr\u00e0 il meglio del suo percorso artistico con pianoforte e chitarra.<br \/>\nParticolarmente felici di ospitarlo i fratelli\u00a0<strong>Giuseppe<\/strong>\u00a0e<strong>\u00a0Lorenzo Siracusano<\/strong>, proprietari dell&#8217;albergo e promotori dell&#8217;iniziativa che vuole unire idealmente l&#8217;isola eoliana alla grande musica italiana e ad illustri artisti, come nelle precedenti edizioni.<br \/>\nSi preannuncia una kermesse carica di suggestive emozioni dalle quali lasciarsi travolgere.<div id=\"div-gpt-ad-Messinaoggi.it-DSK-300x250-corpoart\" style=\"text-align:center;margin:0 auto;\"><\/div><\/p>\n<div id=\"videoincontent\" style=\"clear:both\";><\/div>","protected":false},"excerpt":{"rendered":"<p>Tutto pronto per l\u2019XI edizione della rassegna musicale Concerti al Tramonto, che \u00a0prender\u00e0 il\u00a0 via venerd\u00ec nell\u2019incantevole \u00a0giardino dell\u2019Hotel Ravesi, sull\u2019isola\u00a0 di Salina. Ad inaugurare\u00a0 la kermesse canora sar\u00e0 il cantautore milanese\u00a0Morgan. Frontman dei Bluvertigo, \u00a0Morgan ha iniziato la carriera alla fine degli anni &#8217;80 e ha collaborato con artisti del calibro di Franco Battiato, [&hellip;]<\/p>\n","protected":false},"author":5,"featured_media":23038,"comment_status":"closed","ping_status":"open","sticky":false,"template":"","format":"standard","meta":{"ub_ctt_via":"","_mi_skip_tracking":false},"categories":[17],"tags":[],"featured_image_src":"https:\/\/www.messinaoggi.it\/website\/wp-content\/uploads\/2018\/08\/Morgan-1-1.jpg","author_info":{"display_name":"Maria Antonella Saia","author_link":"https:\/\/www.messinaoggi.it\/website\/author\/m-saia\/"},"digistream_id":0,"digistream":false,"_links":{"self":[{"href":"https:\/\/www.messinaoggi.it\/website\/wp-json\/wp\/v2\/posts\/23037"}],"collection":[{"href":"https:\/\/www.messinaoggi.it\/website\/wp-json\/wp\/v2\/posts"}],"about":[{"href":"https:\/\/www.messinaoggi.it\/website\/wp-json\/wp\/v2\/types\/post"}],"author":[{"embeddable":true,"href":"https:\/\/www.messinaoggi.it\/website\/wp-json\/wp\/v2\/users\/5"}],"replies":[{"embeddable":true,"href":"https:\/\/www.messinaoggi.it\/website\/wp-json\/wp\/v2\/comments?post=23037"}],"version-history":[{"count":0,"href":"https:\/\/www.messinaoggi.it\/website\/wp-json\/wp\/v2\/posts\/23037\/revisions"}],"wp:featuredmedia":[{"embeddable":true,"href":"https:\/\/www.messinaoggi.it\/website\/wp-json\/wp\/v2\/media\/23038"}],"wp:attachment":[{"href":"https:\/\/www.messinaoggi.it\/website\/wp-json\/wp\/v2\/media?parent=23037"}],"wp:term":[{"taxonomy":"category","embeddable":true,"href":"https:\/\/www.messinaoggi.it\/website\/wp-json\/wp\/v2\/categories?post=23037"},{"taxonomy":"post_tag","embeddable":true,"href":"https:\/\/www.messinaoggi.it\/website\/wp-json\/wp\/v2\/tags?post=23037"}],"curies":[{"name":"wp","href":"https:\/\/api.w.org\/{rel}","templated":true}]}}