{"id":23032,"date":"2018-08-07T12:23:46","date_gmt":"2018-08-07T10:23:46","guid":{"rendered":"http:\/\/www.messinaoggi.it\/website\/?p=23032"},"modified":"2018-08-07T12:23:46","modified_gmt":"2018-08-07T10:23:46","slug":"teatro-v-e-de-luca-fa-dietrofront-ritiro-le-nomine-ma-entro-dicembre-la-regione-dia-il-piano-industriale","status":"publish","type":"post","link":"https:\/\/www.messinaoggi.it\/website\/2018\/08\/07\/teatro-v-e-de-luca-fa-dietrofront-ritiro-le-nomine-ma-entro-dicembre-la-regione-dia-il-piano-industriale\/","title":{"rendered":"Teatro V.E., De Luca fa dietrofront: &quot;Ritiro le nomine, ma entro dicembre la Regione dia il Piano Industriale&quot;"},"content":{"rendered":"<p style=\"text-align: justify\">Le nomine vanno in secondo piano, ci\u00f2 che conta \u00e8 il Piano Industriale da fare entro dicembre, altrimenti il Comune \u00e8 pronto a riprendersi l\u2019immobile. Il\u00a0 sindaco Cateno De Luca fa un passo indietro i merito alle nomine del Teatro Vittorio Emanuele, sulla cui legittimit\u00e0 per\u00f2 gi\u00e0 aleggiava pi\u00f9 di un dubbio, cos\u00ec come evidenziato dal consigliere comunale Alessandro Russo nell\u2019interrogazione di qualche giorno fa in cui veniva evidenziato come la nomina del neopresidente, Enzo Caruso, rappresnetasse un&#8217;anomalia in quanto avvenuta su indicazione del Comune e non della Regione. Il primo cittadino questa mattina si \u00e8 recato a Palermo, per incontrare l\u2019assessore regionale Sandro Pappalardo, che ha esposto la sua strategia sul futuro dell\u2019ente. De Luca, dal canto suo, che occorre partire dal presupposto di una preventiva azione di riorganizzazione e razionalizzazione degli attuali costi correnti di gestione.<div id=\"div-gpt-ad-Messinaoggi.it-DSK-300x250-corpoart\" style=\"text-align:center;margin:0 auto;\"><\/div><\/p>\n<p style=\"text-align: justify\">\u201cHo comunicato all\u2019assessore che ritirer\u00f2 le designazioni formulate nella mia qualit\u00e0 di sindaco della citt\u00e0 di Messina e di sindaco della citt\u00e0 metropolitana invitandolo a designare un commissario che gestisca questa fase transitoria di riorganizzazione e rilancio dell\u2019ente \u2013 ha scritto De Luca sulla propria pagina Facebook &#8211; \u00a0Se entro dicembre 2018 arriva un valido piano industriale proceder\u00f2 alla designazione dei due componenti del cda diversamente proceder\u00f2 a revocare il comodato gratuito dell\u2019immobile ed avvieremo una nuova stagione di autogestione del nostro Teatro lasciando la gestione del personale alla regione che lo potr\u00e0 destinare dove riterr\u00e0 pi\u00f9 opportuno\u201d.<div id=\"videoincontent\" style=\"clear:both\";><\/div><\/p>\n","protected":false},"excerpt":{"rendered":"<p>Le nomine vanno in secondo piano, ci\u00f2 che conta \u00e8 il Piano Industriale da fare entro dicembre, altrimenti il Comune \u00e8 pronto a riprendersi l\u2019immobile. Il\u00a0 sindaco Cateno De Luca fa un passo indietro i merito alle nomine del Teatro Vittorio Emanuele, sulla cui legittimit\u00e0 per\u00f2 gi\u00e0 aleggiava pi\u00f9 di un dubbio, cos\u00ec come evidenziato [&hellip;]<\/p>\n","protected":false},"author":14,"featured_media":23033,"comment_status":"closed","ping_status":"open","sticky":false,"template":"","format":"standard","meta":{"ub_ctt_via":"","_mi_skip_tracking":false},"categories":[6],"tags":[],"featured_image_src":"https:\/\/www.messinaoggi.it\/website\/wp-content\/uploads\/2018\/08\/de-luca-pappalardo-1.jpg","author_info":{"display_name":"Antonio Macauda","author_link":"https:\/\/www.messinaoggi.it\/website\/author\/a-macauda\/"},"digistream_id":0,"digistream":false,"_links":{"self":[{"href":"https:\/\/www.messinaoggi.it\/website\/wp-json\/wp\/v2\/posts\/23032"}],"collection":[{"href":"https:\/\/www.messinaoggi.it\/website\/wp-json\/wp\/v2\/posts"}],"about":[{"href":"https:\/\/www.messinaoggi.it\/website\/wp-json\/wp\/v2\/types\/post"}],"author":[{"embeddable":true,"href":"https:\/\/www.messinaoggi.it\/website\/wp-json\/wp\/v2\/users\/14"}],"replies":[{"embeddable":true,"href":"https:\/\/www.messinaoggi.it\/website\/wp-json\/wp\/v2\/comments?post=23032"}],"version-history":[{"count":0,"href":"https:\/\/www.messinaoggi.it\/website\/wp-json\/wp\/v2\/posts\/23032\/revisions"}],"wp:featuredmedia":[{"embeddable":true,"href":"https:\/\/www.messinaoggi.it\/website\/wp-json\/wp\/v2\/media\/23033"}],"wp:attachment":[{"href":"https:\/\/www.messinaoggi.it\/website\/wp-json\/wp\/v2\/media?parent=23032"}],"wp:term":[{"taxonomy":"category","embeddable":true,"href":"https:\/\/www.messinaoggi.it\/website\/wp-json\/wp\/v2\/categories?post=23032"},{"taxonomy":"post_tag","embeddable":true,"href":"https:\/\/www.messinaoggi.it\/website\/wp-json\/wp\/v2\/tags?post=23032"}],"curies":[{"name":"wp","href":"https:\/\/api.w.org\/{rel}","templated":true}]}}