{"id":230291,"date":"2025-03-02T12:05:49","date_gmt":"2025-03-02T11:05:49","guid":{"rendered":"https:\/\/www.messinaoggi.it\/website\/2025\/03\/02\/tajani-se-loccidente-si-divide-a-vincere-sono-solo-le-autocrazie\/"},"modified":"2025-03-02T12:05:49","modified_gmt":"2025-03-02T11:05:49","slug":"tajani-se-loccidente-si-divide-a-vincere-sono-solo-le-autocrazie","status":"publish","type":"post","link":"https:\/\/www.messinaoggi.it\/website\/2025\/03\/02\/tajani-se-loccidente-si-divide-a-vincere-sono-solo-le-autocrazie\/","title":{"rendered":"Tajani \u201cSe l\u2019Occidente si divide a vincere sono solo le autocrazie\u201d"},"content":{"rendered":"<div>ROMA (ITALPRESS) &#8211; &#8220;Se l&#8217;Occidente si divide vincono le autocrazie&#8221;. Cos\u00ec, in una intervista al Messaggero, il vicepremier e ministro degli Esteri, Antonio Tajani, evidenziando che &#8220;i nostri valori sono comuni: libert\u00e0, pace, democrazia. Non si cancellano con un contrasto diplomatico&#8221;. E spiega: &#8220;Una divisione tra l&#8217;Europa e gli Stati Uniti significherebbe il tramonto dell&#8217;Occidente, che porterebbe alla vittoria di autocrazie, populismi e radicalismi. Questa vittoria sarebbe un danno gravissimo non soltanto per l&#8217;Occidente ma per tutto il mondo&#8221;.<br \/>Alla luce dello scontro tra Trump e Zelensky, aggiunge, &#8220;l&#8217;Italia chiede un vertice tra l&#8217;Europa e gli Stati Uniti. In questa fase storica, non \u00e8 in gioco soltanto una questione politica. E&#8217; in ballo l&#8217;unit\u00e0 dell&#8217;Occidente e il ruolo dell&#8217;Occidente nel mondo, per difendere i suoi valori fondanti. Quei principi di libert\u00e0, centralit\u00e0 della persona, difesa dello Stato di diritto, libero mercato, tutela della pace e della democrazia a proposito dei quali non potr\u00e0 e non dovr\u00e0 mai esserci spaccatura tra l&#8217;Europa e gli Stati Uniti che sono due facce della stessa medaglia&#8221;. &#8220;Io credo &#8211; osserva &#8211; che l&#8217;Occidente abbia tutte le potenzialit\u00e0 giuste per contare e una storia che \u00e8 la sua forza ed \u00e8 declinabile al futuro. Ma occorre stare insieme. Una divisione tra l&#8217;Europa e gli Stati Uniti significherebbe il tramonto dell&#8217;Occidente, che porterebbe alla vittoria di autocrazie, populismi e radicalismi. Questa vittoria sarebbe un danno gravissimo non soltanto per l&#8217;Occidente ma per tutto il mondo. L&#8217;Occidente ha vinto quando hanno vinto i suoi valori contro il nazismo e il comunismo che sono proprio la negazione dei valori occidentali&#8221;. &#8220;Ricordiamoci che gli americani sono quelli che ci hanno permesso di liberarci dai totalitarismi del &#8216;900, a prezzo di sacrifici enormi &#8211; ricorda Tajani -. Non dobbiamo dimenticare che, tra i tanti caduti dell&#8217;esercito alleato, c&#8217;erano tanti italo-americani e tanti europei. E&#8217; impensabile i mettere in discussione il rapporto transatlantico perch\u00e8 a Washington c&#8217;\u00e8 un governo che non piace a tutti. L&#8217;Europa \u00e8 un&#8217;identit\u00e0 che va ben oltre le questioni politiche. E quindi anche le scelte contingenti devono essere finalizzate a garantire l&#8217;unit\u00e0 dell&#8217;Occidente. L&#8217;Alleanza Atlantica non \u00e8 soltanto un&#8217;alleanza militare, \u00e8 molto di pi\u00f9. E&#8217; una scelta, allo stesso tempo, ideale e strategica&#8221;. &#8220;Anche quando ci sono delle discussioni &#8211; prosegue il ministro degli Esteri -, dobbiamo tutti lavorare sapendo che c&#8217;\u00e8 un patrimonio culturale e valoriale che \u00e8 comune da sempre, da Tocqueville in poi. C&#8217;\u00e8 un filo ideale che collega la democrazia di Atene a George Washington. D&#8217;altronde era stato Cristoforo Colombo a far da ponte tra i continenti. Condividiamo con l&#8217;America lingua e religione. Anche loro hanno un&#8217;identit\u00e0 giudaico-cristiana. Proprio come la nostra Europa che ora pi\u00f9 che mai \u00e8 il luogo della modernit\u00e0 e della libert\u00e0. Voglio dire, parlando di storia, che il vincolo spirituale euro-atlantico non pu\u00f2 essere eliminato dal contrasto in un colloquio diplomatico o da dichiarazioni conflittuali. La diplomazia ha bisogno di tempo per risolvere i problemi ma sono sicuro che l&#8217;Occidente sar\u00e0 unito anche per la trattativa di pace nell&#8217;Ucraina&#8221;.<br \/>In merito al summit di oggi a Londra, &#8220;in questo vertice, l&#8217;Italia far\u00e0 sentire la sua voce per portare tutti al tavolo della pace &#8211; dichiara -. E tutti significa Europa, Stati Uniti, Ucraina e Russia&#8221;. &#8220;Noi, davanti a tutti, non dobbiamo avere paura di essere ci\u00f2 che siamo &#8211; aggiunge -. Dobbiamo comportarci secondo la nostra bussola e tenendo sempre aperta la nostra scatola dei valori. Questo \u00e8 il modo migliore per farci rispettare nel mondo. L&#8217;Europa e l&#8217;Occidente in generale significano apertura, curiosit\u00e0, progresso. Pensiamo ai grandi viaggiatori come Marco Polo e Matteo Ricci, come Amerigo Vespucci e Vasco de Gama, come i naviganti delle Repubbliche marinare e si potrebbe continuare all&#8217;infinito con gli esempi. Avevano tutti una visione aperta della loro identit\u00e0, volevano conoscere e farsi conoscere, crescere e far crescere. Potrei parlare anche dei grandi mercanti veneziani, inventori delle moderne assicurazioni. Ecco, la modernit\u00e0 \u00e8 ci\u00f2 che contraddistingue l&#8217;Europa e l&#8217;Occidente&#8221;. &#8220;Non dobbiamo assolutamente vivere con timore la nostra identit\u00e0 &#8211; prosegue Tajani -. Ma esercitarla nei fatti. Difendendo il nostro modello, difendiamo anche gli interessi dell&#8217;Italia, che \u00e8 un Paese commerciale e aperto per vocazione. Cos\u00ec dev&#8217;essere tutta l&#8217;Europa. Il nostro esempio chi \u00e8? E&#8217; Ulisse, un grande viaggiatore che poi ritorna sempre alla sua dimora, dove ci sono la moglie, il figlio e il cane Argo. C&#8217;\u00e8 la sua famiglia e la sua patria. Questa \u00e8 l&#8217;Europa, questo \u00e8 l&#8217;Occidente. Bisogna farlo capire, perch\u00e8 noi troppo spesso non parliamo dei valori che ci rappresentano&#8221;. Alla domanda se gli americani non stanno mollando l&#8217;Europa, risponde: &#8220;Credo che questo non potr\u00e0 mai accadere. Anche perch\u00e8 la nostra sicurezza e stabilit\u00e0 geopolitica dipendono da questo rapporto indissolubile tra i nostri due continenti&#8221;. &#8220;La Germania di Merz &#8211; dice &#8211; si ispira a quel popolarismo europeo di Adenauer, De Gasperi e Schuman che ha dato vita all&#8217;Europa del secondo dopoguerra. E voglio ricordare che, nei rapporti tra la Germania e l&#8217;Italia, le relazioni tra i partiti del Ppe sono state fondamentali. Lo saranno ancora grazie ai legami tra Forza Italia e Cdu-Csu&#8221;.<br \/>&#8220;Putin &#8211; ricorda Tajani &#8211; si era avvicinato alla Nato e all&#8217;Occidente con l&#8217;accordo di Pratica di Mare, propiziato da Berlusconi. Poi il presidente russo ha scelto di allontanarsi, spinto da sue strategie geo-politiche. Non mi sento di fare grandi rimproveri all&#8217;Occidente, per quanto riguarda il rapporto con la Russia. Ora guardiamo avanti, e lavoriamo tutti per la pace giusta che non pu\u00f2 significare la sconfitta dell&#8217;Ucraina. Guardi, le dico un&#8217;ultima cosa: la speranza fa parte dell&#8217;identit\u00e0 occidentale&#8221;. &#8220;La speranza deve darci la forza di fare scelte coraggiose e di non rinchiuderci in una sindrome d&#8217;impotenza che non pu\u00f2 minimamente appartenerci&#8221;, conclude il vicepremier e ministro degli Esteri, Antonio Tajani.<br \/>&#8211; foto Ipa agency &#8211;<br \/>(ITALPRESS).<\/div>\n<div id=\"div-gpt-ad-Messinaoggi.it-DSK-300x250-corpoart\" style=\"text-align:center;margin:0 auto;\"><\/div><\/p><div id=\"videoincontent\" style=\"clear:both\";><\/div>","protected":false},"excerpt":{"rendered":"<p>ROMA (ITALPRESS) &#8211; &#8220;Se l&#8217;Occidente si divide vincono le autocrazie&#8221;. Cos\u00ec, in una intervista al Messaggero, il vicepremier e ministro degli Esteri, Antonio Tajani, evidenziando che &#8220;i nostri valori sono comuni: libert\u00e0, pace, democrazia. Non si cancellano con un contrasto diplomatico&#8221;. E spiega: &#8220;Una divisione tra l&#8217;Europa e gli Stati Uniti significherebbe il tramonto dell&#8217;Occidente, [&hellip;]<\/p>\n","protected":false},"author":18,"featured_media":230292,"comment_status":"closed","ping_status":"closed","sticky":false,"template":"","format":"standard","meta":{"ub_ctt_via":"","_mi_skip_tracking":false},"categories":[446],"tags":[783],"featured_image_src":"https:\/\/www.messinaoggi.it\/website\/wp-content\/uploads\/2025\/03\/20250302_0138.jpg","author_info":{"display_name":"Admin","author_link":"https:\/\/www.messinaoggi.it\/website\/author\/admin\/"},"digistream_id":0,"digistream":false,"_links":{"self":[{"href":"https:\/\/www.messinaoggi.it\/website\/wp-json\/wp\/v2\/posts\/230291"}],"collection":[{"href":"https:\/\/www.messinaoggi.it\/website\/wp-json\/wp\/v2\/posts"}],"about":[{"href":"https:\/\/www.messinaoggi.it\/website\/wp-json\/wp\/v2\/types\/post"}],"author":[{"embeddable":true,"href":"https:\/\/www.messinaoggi.it\/website\/wp-json\/wp\/v2\/users\/18"}],"replies":[{"embeddable":true,"href":"https:\/\/www.messinaoggi.it\/website\/wp-json\/wp\/v2\/comments?post=230291"}],"version-history":[{"count":0,"href":"https:\/\/www.messinaoggi.it\/website\/wp-json\/wp\/v2\/posts\/230291\/revisions"}],"wp:featuredmedia":[{"embeddable":true,"href":"https:\/\/www.messinaoggi.it\/website\/wp-json\/wp\/v2\/media\/230292"}],"wp:attachment":[{"href":"https:\/\/www.messinaoggi.it\/website\/wp-json\/wp\/v2\/media?parent=230291"}],"wp:term":[{"taxonomy":"category","embeddable":true,"href":"https:\/\/www.messinaoggi.it\/website\/wp-json\/wp\/v2\/categories?post=230291"},{"taxonomy":"post_tag","embeddable":true,"href":"https:\/\/www.messinaoggi.it\/website\/wp-json\/wp\/v2\/tags?post=230291"}],"curies":[{"name":"wp","href":"https:\/\/api.w.org\/{rel}","templated":true}]}}