{"id":230285,"date":"2025-03-02T10:49:13","date_gmt":"2025-03-02T09:49:13","guid":{"rendered":"http:\/\/www.messinaoggi.it\/website\/?p=230285"},"modified":"2025-03-02T10:49:18","modified_gmt":"2025-03-02T09:49:18","slug":"a-messina-una-piazza-a-sostegno-di-ucraina-e-stati-uniti-deuropa","status":"publish","type":"post","link":"https:\/\/www.messinaoggi.it\/website\/2025\/03\/02\/a-messina-una-piazza-a-sostegno-di-ucraina-e-stati-uniti-deuropa\/","title":{"rendered":"A Messina una piazza a sostegno di Ucraina e Stati Uniti d&#8217;Europa"},"content":{"rendered":"\n<p>Oggi pomeriggio, ore 17, ci sar\u00e0 una manifestazione pubblica organizzata a sostegno del Popolo Ucraino e dell&#8217;idea degli Stati Uniti d&#8217;Europa. <div id=\"div-gpt-ad-Messinaoggi.it-DSK-300x250-corpoart\" style=\"text-align:center;margin:0 auto;\"><\/div><\/p>\n\n\n\n<p>&#8220;La mobilitazione delle forze europeiste, progressiste e, prima di tutto, libere, \u00e8 un dovere. Unirci in un unico coro e incontrarci in piazza per ribadire, da cittadini, il sentimento di unit\u00e0 e condivisione di un\u2019Europa che sia dei popoli e per la pace.  Un appello nazionale che si radica sui territori, nella nostra Messina, che dell\u2019Europa \u00e8 stata culla, assume un significato ancora pi\u00f9 profondo, specialmente nel settantesimo anno dalla conferenza nella quale si sono gettati i semi di quell\u2019Unione di Nazioni. Un\u2019Europa in grado di guardare ad obiettivi che erano gi\u00e0 chiari all\u2019epoca: solidariet\u00e0, pace, unit\u00e0. Per quegli Stati che uscivano devastati da due grandi guerre e anni di dittature, la soluzione non poteva che essere stare uniti. Oltre mezzo secolo dopo \u00e8 sempre quella la soluzione, l\u2019unica possibile. E proprio Stare Uniti \u00e8 la chiave per frenare le mire espansionistiche, le sperequazioni, le aggressioni a Stati sovrani. Le immagini che il mondo ha visto, riprese nella stanza Ovale della Casa Bianca, hanno lasciato di stucco e indignato tutti coloro i quali hanno un\u2019altra e alta concezione della Politica. Ci\u00f2 che \u00e8 accaduto fra Trump, il suo vice Vance e il Presidente Zelensky non pu\u00f2 essere ridotto a vergognosa messinscena di bullismo marcatamente machista. Sin dal suo insediamento, infatti, il Tycoon ha chiarito il ruolo nel quale vorrebbe appiattire l\u2019UE e il peso che ritiene debba avere la voce dei 27 Stati membri: nullo!  Non \u00e8 ammissibile che questa sia la dimensione dell\u2019Europa e non \u00e8 concepibile che l\u2019Italia accetti passivamente ci\u00f2, mostrando solo piaggeria e asservimento imbarazzante da parte del Governo Meloni. Noi siamo l\u2019Europa. E Messina ha il dovere di dare un segnale forte in questa direzione, proprio per il valore simbolico che la nostra citt\u00e0 rappresenta nella storia della Comunit\u00e0 europea.   Anche a Messina, quindi, continuiamo a gettare nuovi semi per far germogliare ulteriormente i cardini di questa Europa nella quale crediamo e della quale, sempre pi\u00f9 evidentemente, abbiamo fortemente bisogno. Tutti. Per questo motivo vi aspettiamo domenica 2 marzo ore 17.00 a Piazza Francesco Lo Sardo (Piazza del Popolo) per unire la nostra voce sotto un\u2019unica bandiera, quella dell\u2019Europa. Hanno gi\u00e0 aderito i partiti Azione, Pi\u00f9 Europa, Italia Viva, Partito Democratico, Socialdemocratici, Drin Drin, Partito Repubblicano italiano. Per le associazioni ha gi\u00e0 aderito F.I.A.P. (Federazione italiana associazioni partigiane)&#8221; cos\u00ec scrivono gli organizzatori.   <div id=\"videoincontent\" style=\"clear:both\";><\/div><\/p>\n","protected":false},"excerpt":{"rendered":"<p>Oggi pomeriggio, ore 17, ci sar\u00e0 una manifestazione pubblica organizzata a sostegno del Popolo Ucraino e dell&#8217;idea degli Stati Uniti d&#8217;Europa. &#8220;La mobilitazione delle forze europeiste, progressiste e, prima di tutto, libere, \u00e8 un dovere. Unirci in un unico coro e incontrarci in piazza per ribadire, da cittadini, il sentimento di unit\u00e0 e condivisione di [&hellip;]<\/p>\n","protected":false},"author":15,"featured_media":230288,"comment_status":"open","ping_status":"open","sticky":false,"template":"","format":"standard","meta":{"ub_ctt_via":"","_mi_skip_tracking":false},"categories":[4,6],"tags":[2362,4223,1713,995],"featured_image_src":"https:\/\/www.messinaoggi.it\/website\/wp-content\/uploads\/2025\/03\/IMG-20250301-WA0036.jpg","author_info":{"display_name":"red.me","author_link":"https:\/\/www.messinaoggi.it\/website\/author\/red-me\/"},"digistream_id":0,"digistream":false,"_links":{"self":[{"href":"https:\/\/www.messinaoggi.it\/website\/wp-json\/wp\/v2\/posts\/230285"}],"collection":[{"href":"https:\/\/www.messinaoggi.it\/website\/wp-json\/wp\/v2\/posts"}],"about":[{"href":"https:\/\/www.messinaoggi.it\/website\/wp-json\/wp\/v2\/types\/post"}],"author":[{"embeddable":true,"href":"https:\/\/www.messinaoggi.it\/website\/wp-json\/wp\/v2\/users\/15"}],"replies":[{"embeddable":true,"href":"https:\/\/www.messinaoggi.it\/website\/wp-json\/wp\/v2\/comments?post=230285"}],"version-history":[{"count":2,"href":"https:\/\/www.messinaoggi.it\/website\/wp-json\/wp\/v2\/posts\/230285\/revisions"}],"predecessor-version":[{"id":230287,"href":"https:\/\/www.messinaoggi.it\/website\/wp-json\/wp\/v2\/posts\/230285\/revisions\/230287"}],"wp:featuredmedia":[{"embeddable":true,"href":"https:\/\/www.messinaoggi.it\/website\/wp-json\/wp\/v2\/media\/230288"}],"wp:attachment":[{"href":"https:\/\/www.messinaoggi.it\/website\/wp-json\/wp\/v2\/media?parent=230285"}],"wp:term":[{"taxonomy":"category","embeddable":true,"href":"https:\/\/www.messinaoggi.it\/website\/wp-json\/wp\/v2\/categories?post=230285"},{"taxonomy":"post_tag","embeddable":true,"href":"https:\/\/www.messinaoggi.it\/website\/wp-json\/wp\/v2\/tags?post=230285"}],"curies":[{"name":"wp","href":"https:\/\/api.w.org\/{rel}","templated":true}]}}