{"id":23025,"date":"2018-08-07T08:49:56","date_gmt":"2018-08-07T06:49:56","guid":{"rendered":"http:\/\/www.messinaoggi.it\/website\/?p=23025"},"modified":"2018-08-07T08:49:56","modified_gmt":"2018-08-07T06:49:56","slug":"de-luca-dichiara-guerra-alle-baracche-saranno-tutte-abbattute-entro-il-31-dicembre","status":"publish","type":"post","link":"https:\/\/www.messinaoggi.it\/website\/2018\/08\/07\/de-luca-dichiara-guerra-alle-baracche-saranno-tutte-abbattute-entro-il-31-dicembre\/","title":{"rendered":"De Luca dichiara guerra alle baracche: &quot;Saranno tutte abbattute  entro il 31 dicembre&quot;"},"content":{"rendered":"<p style=\"text-align: justify\">Da un\u2019emergenza all\u2019altra, ma questa volta l\u2019azione dell\u2019amministrazione De Luca potrebbe portare a risvolti davvero clamorosi. Si punta al bersaglio grosso, alla pi\u00f9 annosa delle problematiche, forse la pi\u00f9 indecente e degradante sotto il profilo umano e morale: le baracche. Entro il prossimo 31 ottobre tutti fuori dalle baracche che dovranno essere rase al suolo entro il 31 dicembre, questo il piano che l\u2019amministrazione ha messo in piedi dopo il vertice fiume che si \u00e8 tenuto ieri in Prefettura, dal quale \u00e8 scaturito l\u2019ennesima ordinanza con tingibile ed urgente emessa dal sindaco De Luca.<div id=\"div-gpt-ad-Messinaoggi.it-DSK-300x250-corpoart\" style=\"text-align:center;margin:0 auto;\"><\/div><\/p>\n<p style=\"text-align: justify\">Le baracche sono state suddivise in 7 ambiti: Annunziata; Giostra\/Ritiro\/Tremonti; Camaro\/Bisconte; Fondo Sacc\u00e0; Gazzi Fucile\/Via Taormina; Santa Lucia\/San Filippo; Bordonaro\/San Filippo Alto. All\u2019Asp il compito di redigere una relazione sull\u2019antigienicit\u00e0 degli ambienti, l\u2019Istituto Autonomo Case Popolari dovr\u00e0, invece, chiarire il numero di alloggi disponibili per le famiglie in graduatoria ma che ancora si trovano a vivere nelle baracche.<div id=\"videoincontent\" style=\"clear:both\";><\/div><\/p>\n<p style=\"text-align: justify\">L\u2019Arpa dovr\u00e0 invece chiarire quali sono gli ambiti in cui vi \u00e8 la presenza di amianto, mentre l\u2019Amam dovr\u00e0 appurare la conformit\u00e0 degli scarichi delle baracche, cos\u00ec come cos\u00ec come il dipartimento Politiche per la Casa e Politiche del Territorio dovranno aggiornare il censimento del 2002 e produrre in reportage fotografico sul degrado delle zone. Una vera e propria lotta al degrado che finir\u00e0 anche nei tavoli palermitani, oggi il vicesindaco Mondello incontrer\u00e0 l\u2019assessore regionale alle Infrastrutture Marco Falcone.<\/p>\n<p style=\"text-align: justify\">De Luca ieri ha chiesto al Prefetto, Maria Carmela Librizzi, massima collaborazione: \u201cEccellenza io non posso essere lasciato solo a gestire oltre cento anni di ipocrisia e malagestio. Il Governo Nazionale deve prendere atto e dich<span class=\"textexposedshow\">iarare lo stato di emergenza abitativa con apposite procedure d\u2019urgenza e relativi fondi diversamente io sono pronto ad esercitare comunque le mie prerogative di massima autorit\u00e0 locale in materia di igiene e salubrit\u00e0 e di protezione civile.<\/span> Io non so cosa mi succeder\u00e0 per\u00f2, dopo aver analizzato quasi 30 anni di chiacchiere dalla famosa legge 10\/90, mi sono convinto che le istituzioni regionali e statali debbano essere messe di fronte al fatto compiuto. Ora vediamo chi tenter\u00e0 di fermare un percorso irreversibile che apre scenari delicati e pericolosi\u201d.<\/p>\n","protected":false},"excerpt":{"rendered":"<p>Da un\u2019emergenza all\u2019altra, ma questa volta l\u2019azione dell\u2019amministrazione De Luca potrebbe portare a risvolti davvero clamorosi. Si punta al bersaglio grosso, alla pi\u00f9 annosa delle problematiche, forse la pi\u00f9 indecente e degradante sotto il profilo umano e morale: le baracche. Entro il prossimo 31 ottobre tutti fuori dalle baracche che dovranno essere rase al suolo [&hellip;]<\/p>\n","protected":false},"author":14,"featured_media":21180,"comment_status":"closed","ping_status":"open","sticky":false,"template":"","format":"standard","meta":{"ub_ctt_via":"","_mi_skip_tracking":false},"categories":[6],"tags":[],"featured_image_src":"https:\/\/www.messinaoggi.it\/website\/wp-content\/uploads\/2018\/06\/De-Luca-Cateno-proclamato-e-commosso-messinaoggiMarcyRuggi-1.jpg","author_info":{"display_name":"Antonio Macauda","author_link":"https:\/\/www.messinaoggi.it\/website\/author\/a-macauda\/"},"digistream_id":0,"digistream":false,"_links":{"self":[{"href":"https:\/\/www.messinaoggi.it\/website\/wp-json\/wp\/v2\/posts\/23025"}],"collection":[{"href":"https:\/\/www.messinaoggi.it\/website\/wp-json\/wp\/v2\/posts"}],"about":[{"href":"https:\/\/www.messinaoggi.it\/website\/wp-json\/wp\/v2\/types\/post"}],"author":[{"embeddable":true,"href":"https:\/\/www.messinaoggi.it\/website\/wp-json\/wp\/v2\/users\/14"}],"replies":[{"embeddable":true,"href":"https:\/\/www.messinaoggi.it\/website\/wp-json\/wp\/v2\/comments?post=23025"}],"version-history":[{"count":0,"href":"https:\/\/www.messinaoggi.it\/website\/wp-json\/wp\/v2\/posts\/23025\/revisions"}],"wp:featuredmedia":[{"embeddable":true,"href":"https:\/\/www.messinaoggi.it\/website\/wp-json\/wp\/v2\/media\/21180"}],"wp:attachment":[{"href":"https:\/\/www.messinaoggi.it\/website\/wp-json\/wp\/v2\/media?parent=23025"}],"wp:term":[{"taxonomy":"category","embeddable":true,"href":"https:\/\/www.messinaoggi.it\/website\/wp-json\/wp\/v2\/categories?post=23025"},{"taxonomy":"post_tag","embeddable":true,"href":"https:\/\/www.messinaoggi.it\/website\/wp-json\/wp\/v2\/tags?post=23025"}],"curies":[{"name":"wp","href":"https:\/\/api.w.org\/{rel}","templated":true}]}}