{"id":230247,"date":"2025-03-01T18:05:41","date_gmt":"2025-03-01T17:05:41","guid":{"rendered":"https:\/\/www.messinaoggi.it\/website\/2025\/03\/01\/facci-eletto-nuovo-presidente-della-federginnastica\/"},"modified":"2025-03-01T18:05:41","modified_gmt":"2025-03-01T17:05:41","slug":"facci-eletto-nuovo-presidente-della-federginnastica","status":"publish","type":"post","link":"https:\/\/www.messinaoggi.it\/website\/2025\/03\/01\/facci-eletto-nuovo-presidente-della-federginnastica\/","title":{"rendered":"Facci eletto nuovo presidente della Federginnastica"},"content":{"rendered":"<div>ROMA (ITALPRESS) &#8211; Andrea Facci \u00e8 stato eletto nuovo presidente della Federginnastica con il 98,70% dei voti favorevoli (4.620 voti a favore, 61 le schede bianche) nel corso dell&#8217;assemblea elettiva all&#8217;Hotel Hilton Rome Airport di Fiumicino. &#8220;Ringrazio tutti i presenti &#8211; le sue prime parole &#8211; Vi posso solo dire che faremo di tutto per attuare quello che ho detto. Ce la metter\u00f2 tutta, sono estremamente ottimista&#8221;. Per Facci, che succede a Gherardo Tecchi, &#8220;bisogna essere facilitatori di ginnastica e non creare complicanze che negli ultimi periodi ci sono state. Si parte dal cercare di aiutare le societ\u00e0: la federazione \u00e8 l&#8217;insieme delle societ\u00e0, per cui se aiutiamo le societ\u00e0 aiutiamo anche la federazione. E&#8217; una giornata stupenda, molto partecipata, cosa di cui sono molto orgoglioso e che \u00e8 un bene per il nostro movimento. Vedere assemblee cos\u00ec partecipate \u00e8 un segnale di vitalit\u00e0 e positivit\u00e0 per tutto il movimento&#8221;. A passargli il testimone, come detto, l&#8217;ormai ex presidente Tecchi. &#8220;Il 2024 \u00e8 stato un anno strepitoso, dove abbiamo vinto tutto il possibile &#8211; ha ricordato &#8211; Ringrazio Sport e Salute, che \u00e8 un valore aggiunto per la promozione dello sport in un Paese minacciato da sedenteriet\u00e0 e disturbi alimentari. La federazione \u00e8 stata tra le prime ad avviare un dipartimento sul sociale con forte attenzione alla sostenibilit\u00e0. Questo ci \u00e8 stato riconosciuto da Sport e Salute, premiando i nostri risultati con il 15% in pi\u00f9 dei contributi. Lascio una federazione in salute, con un palmares invidiabile e i conti in ordine, e la consegno ad Andrea Facci&#8221;. Da Tecchi anche belle parole per Malag\u00f2: &#8220;Gli avrei fatto condurre il Coni a vita. Giovanni \u00e8 stato il migliore, secondo solo a Giulio Onesti. Ha difeso lo sport dalle intromissioni indebite e messo sempre gli atleti al centro del progetto. La storia gliene dar\u00e0 merito&#8221;.<br \/>&#8211; foto Simone Ferraro\/FGI &#8211;<br \/>(ITALPRESS).<\/div>\n<div id=\"div-gpt-ad-Messinaoggi.it-DSK-300x250-corpoart\" style=\"text-align:center;margin:0 auto;\"><\/div><\/p><div id=\"videoincontent\" style=\"clear:both\";><\/div>","protected":false},"excerpt":{"rendered":"<p>ROMA (ITALPRESS) &#8211; Andrea Facci \u00e8 stato eletto nuovo presidente della Federginnastica con il 98,70% dei voti favorevoli (4.620 voti a favore, 61 le schede bianche) nel corso dell&#8217;assemblea elettiva all&#8217;Hotel Hilton Rome Airport di Fiumicino. &#8220;Ringrazio tutti i presenti &#8211; le sue prime parole &#8211; Vi posso solo dire che faremo di tutto per [&hellip;]<\/p>\n","protected":false},"author":18,"featured_media":230248,"comment_status":"closed","ping_status":"closed","sticky":false,"template":"","format":"standard","meta":{"ub_ctt_via":"","_mi_skip_tracking":false},"categories":[446],"tags":[783],"featured_image_src":"https:\/\/www.messinaoggi.it\/website\/wp-content\/uploads\/2025\/03\/20250301_0918.jpg","author_info":{"display_name":"Admin","author_link":"https:\/\/www.messinaoggi.it\/website\/author\/admin\/"},"digistream_id":0,"digistream":false,"_links":{"self":[{"href":"https:\/\/www.messinaoggi.it\/website\/wp-json\/wp\/v2\/posts\/230247"}],"collection":[{"href":"https:\/\/www.messinaoggi.it\/website\/wp-json\/wp\/v2\/posts"}],"about":[{"href":"https:\/\/www.messinaoggi.it\/website\/wp-json\/wp\/v2\/types\/post"}],"author":[{"embeddable":true,"href":"https:\/\/www.messinaoggi.it\/website\/wp-json\/wp\/v2\/users\/18"}],"replies":[{"embeddable":true,"href":"https:\/\/www.messinaoggi.it\/website\/wp-json\/wp\/v2\/comments?post=230247"}],"version-history":[{"count":0,"href":"https:\/\/www.messinaoggi.it\/website\/wp-json\/wp\/v2\/posts\/230247\/revisions"}],"wp:featuredmedia":[{"embeddable":true,"href":"https:\/\/www.messinaoggi.it\/website\/wp-json\/wp\/v2\/media\/230248"}],"wp:attachment":[{"href":"https:\/\/www.messinaoggi.it\/website\/wp-json\/wp\/v2\/media?parent=230247"}],"wp:term":[{"taxonomy":"category","embeddable":true,"href":"https:\/\/www.messinaoggi.it\/website\/wp-json\/wp\/v2\/categories?post=230247"},{"taxonomy":"post_tag","embeddable":true,"href":"https:\/\/www.messinaoggi.it\/website\/wp-json\/wp\/v2\/tags?post=230247"}],"curies":[{"name":"wp","href":"https:\/\/api.w.org\/{rel}","templated":true}]}}