{"id":230233,"date":"2025-03-01T14:05:40","date_gmt":"2025-03-01T13:05:40","guid":{"rendered":"https:\/\/www.messinaoggi.it\/website\/2025\/03\/01\/pichetto-entro-il-2030-il-nucleare-anche-in-italia\/"},"modified":"2025-03-01T14:05:40","modified_gmt":"2025-03-01T13:05:40","slug":"pichetto-entro-il-2030-il-nucleare-anche-in-italia","status":"publish","type":"post","link":"https:\/\/www.messinaoggi.it\/website\/2025\/03\/01\/pichetto-entro-il-2030-il-nucleare-anche-in-italia\/","title":{"rendered":"Pichetto \u201cEntro il 2030 il nucleare anche in Italia\u201d"},"content":{"rendered":"<div>SATURNIA (GROSSETO) (ITALPRESS) &#8211; &#8220;La legge delega richiede una lunga serie di azioni, dobbiamo ripartire ricreando il quadro, la parte del permitting, l&#8217;ente di certificazione, tutta la fase di formazione e istruzione, le modalit\u00e0 tecnologiche, i criteri di installazione, le distanze rispetto all&#8217;installazione. Tutto questo avverr\u00e0 con decreti legislativi. Ora la legge delega va alle Camere, penso settimana prossima, poi dipender\u00e0 dal presidente della Camera e quello della commissione la calendarizzazione&#8221;. Lo ha detto Gilberto Pichetto Fratin, ministro dell&#8217;Ambiente e della sicurezza energetica, intervenendo alla quinta edizione del &#8216;Forum in Masseri\u00e0, dopo il via libera di ieri del Cdm alla legge delega sul nucleare. &#8220;Ci sar\u00e0 un lungo dibattito perch\u00e8 ci sono gi\u00e0 stati due mesi di audizioni alla Camera. Mi auguro che per l&#8217;autunno, fine anno, venga approvata. Da l\u00ec poi 12 mesi per avere i decreti legislativi ed entro il 2030 avremo il nucleare in Italia. Ne sono convinto&#8221;, ha aggiunto. Quanto alle bollette, in particolare per il gas, secondo il ministro &#8220;sugli indicatori, gli analisti danno, oltre che per il fatto che viene l&#8217;estate, una tendenza alla riduzione del prezzo del gas. Questo significa una riduzione del prezzo dell&#8217;energia complessivo, con un effetto notevole per il nostro Paese, perch\u00e8 il prezzo in Italia \u00e8 essenzialmente terminato dal gas&#8221;, ha spiegato.<br \/>\n(ITALPRESS).<br \/>\n-Foto: Ipa Agency-<\/div>\n<div id=\"div-gpt-ad-Messinaoggi.it-DSK-300x250-corpoart\" style=\"text-align:center;margin:0 auto;\"><\/div><\/p><div id=\"videoincontent\" style=\"clear:both\";><\/div>","protected":false},"excerpt":{"rendered":"<p>SATURNIA (GROSSETO) (ITALPRESS) &#8211; &#8220;La legge delega richiede una lunga serie di azioni, dobbiamo ripartire ricreando il quadro, la parte del permitting, l&#8217;ente di certificazione, tutta la fase di formazione e istruzione, le modalit\u00e0 tecnologiche, i criteri di installazione, le distanze rispetto all&#8217;installazione. Tutto questo avverr\u00e0 con decreti legislativi. Ora la legge delega va alle [&hellip;]<\/p>\n","protected":false},"author":18,"featured_media":230234,"comment_status":"closed","ping_status":"closed","sticky":false,"template":"","format":"standard","meta":{"ub_ctt_via":"","_mi_skip_tracking":false},"categories":[446],"tags":[783],"featured_image_src":"https:\/\/www.messinaoggi.it\/website\/wp-content\/uploads\/2025\/03\/20250301_0476.jpg","author_info":{"display_name":"Admin","author_link":"https:\/\/www.messinaoggi.it\/website\/author\/admin\/"},"digistream_id":0,"digistream":false,"_links":{"self":[{"href":"https:\/\/www.messinaoggi.it\/website\/wp-json\/wp\/v2\/posts\/230233"}],"collection":[{"href":"https:\/\/www.messinaoggi.it\/website\/wp-json\/wp\/v2\/posts"}],"about":[{"href":"https:\/\/www.messinaoggi.it\/website\/wp-json\/wp\/v2\/types\/post"}],"author":[{"embeddable":true,"href":"https:\/\/www.messinaoggi.it\/website\/wp-json\/wp\/v2\/users\/18"}],"replies":[{"embeddable":true,"href":"https:\/\/www.messinaoggi.it\/website\/wp-json\/wp\/v2\/comments?post=230233"}],"version-history":[{"count":0,"href":"https:\/\/www.messinaoggi.it\/website\/wp-json\/wp\/v2\/posts\/230233\/revisions"}],"wp:featuredmedia":[{"embeddable":true,"href":"https:\/\/www.messinaoggi.it\/website\/wp-json\/wp\/v2\/media\/230234"}],"wp:attachment":[{"href":"https:\/\/www.messinaoggi.it\/website\/wp-json\/wp\/v2\/media?parent=230233"}],"wp:term":[{"taxonomy":"category","embeddable":true,"href":"https:\/\/www.messinaoggi.it\/website\/wp-json\/wp\/v2\/categories?post=230233"},{"taxonomy":"post_tag","embeddable":true,"href":"https:\/\/www.messinaoggi.it\/website\/wp-json\/wp\/v2\/tags?post=230233"}],"curies":[{"name":"wp","href":"https:\/\/api.w.org\/{rel}","templated":true}]}}