{"id":230219,"date":"2025-03-01T20:24:22","date_gmt":"2025-03-01T19:24:22","guid":{"rendered":"http:\/\/www.messinaoggi.it\/website\/?p=230219"},"modified":"2025-03-01T20:18:40","modified_gmt":"2025-03-01T19:18:40","slug":"formazione-sanitaria-la-uil-fpl-si-conferma-leader","status":"publish","type":"post","link":"https:\/\/www.messinaoggi.it\/website\/2025\/03\/01\/formazione-sanitaria-la-uil-fpl-si-conferma-leader\/","title":{"rendered":"Formazione sanitaria, la Uil-Fpl si conferma leader"},"content":{"rendered":"\n<p>Prosegue in maniera imponente l&#8217;attivit\u00e0 di Formazione professionale in Sanit\u00e0, promossa dalla Uil-Fpl di Messina. Un nuovo incontro s&#8217;\u00e8 tenuto questa mattina presso l&#8217;Auditorium dell&#8217;Ospedale Papardo. &#8220;Elettrocardiografia in emergenza e Reti Ima&#8221;: questo il tema trattato davanti ad un uditorio molto attento e numeroso.<div id=\"div-gpt-ad-Messinaoggi.it-DSK-300x250-corpoart\" style=\"text-align:center;margin:0 auto;\"><\/div><\/p>\n\n\n\n<p>L&#8217;evento Formativo ECM prevede l&#8217;attribuzione di 10 crediti ECM ed \u00e8 stato aperto anche alle categorie OSS, OSA ed AS.<div id=\"videoincontent\" style=\"clear:both\";><\/div><\/p>\n\n\n\n<p>&#8220;La Formazione professionale &#8211; afferma Livio Andronico, segretario generale della Uil-FPL Messsina &#8211; \u00e8 diventato ormai un marchio di fabbrica della nostra organizzazione sindacale che, oltre alla tutela dei lavoratori si occupa con grande scrupolo della loro Formazione. Siamo contenti per la risposta che abbiamo ad ogni evento formativo, segno evidente che il nostro lavoro viene apprezzato dai nostri iscritti ma non solo&#8221;.<\/p>\n\n\n\n<p><\/p>\n","protected":false},"excerpt":{"rendered":"<p>Prosegue in maniera imponente l&#8217;attivit\u00e0 di Formazione professionale in Sanit\u00e0, promossa dalla Uil-Fpl di Messina. Un nuovo incontro s&#8217;\u00e8 tenuto questa mattina presso l&#8217;Auditorium dell&#8217;Ospedale Papardo. &#8220;Elettrocardiografia in emergenza e Reti Ima&#8221;: questo il tema trattato davanti ad un uditorio molto attento e numeroso. L&#8217;evento Formativo ECM prevede l&#8217;attribuzione di 10 crediti ECM ed \u00e8 [&hellip;]<\/p>\n","protected":false},"author":2,"featured_media":230269,"comment_status":"open","ping_status":"open","sticky":false,"template":"","format":"standard","meta":{"ub_ctt_via":"","_mi_skip_tracking":false},"categories":[5],"tags":[10070,812,113,115],"featured_image_src":"https:\/\/www.messinaoggi.it\/website\/wp-content\/uploads\/2025\/03\/73b65157-c69a-4e00-98e0-910153e12620-scaled.jpeg","author_info":{"display_name":"Redazione","author_link":"https:\/\/www.messinaoggi.it\/website\/author\/redazione\/"},"digistream_id":0,"digistream":false,"_links":{"self":[{"href":"https:\/\/www.messinaoggi.it\/website\/wp-json\/wp\/v2\/posts\/230219"}],"collection":[{"href":"https:\/\/www.messinaoggi.it\/website\/wp-json\/wp\/v2\/posts"}],"about":[{"href":"https:\/\/www.messinaoggi.it\/website\/wp-json\/wp\/v2\/types\/post"}],"author":[{"embeddable":true,"href":"https:\/\/www.messinaoggi.it\/website\/wp-json\/wp\/v2\/users\/2"}],"replies":[{"embeddable":true,"href":"https:\/\/www.messinaoggi.it\/website\/wp-json\/wp\/v2\/comments?post=230219"}],"version-history":[{"count":1,"href":"https:\/\/www.messinaoggi.it\/website\/wp-json\/wp\/v2\/posts\/230219\/revisions"}],"predecessor-version":[{"id":230220,"href":"https:\/\/www.messinaoggi.it\/website\/wp-json\/wp\/v2\/posts\/230219\/revisions\/230220"}],"wp:featuredmedia":[{"embeddable":true,"href":"https:\/\/www.messinaoggi.it\/website\/wp-json\/wp\/v2\/media\/230269"}],"wp:attachment":[{"href":"https:\/\/www.messinaoggi.it\/website\/wp-json\/wp\/v2\/media?parent=230219"}],"wp:term":[{"taxonomy":"category","embeddable":true,"href":"https:\/\/www.messinaoggi.it\/website\/wp-json\/wp\/v2\/categories?post=230219"},{"taxonomy":"post_tag","embeddable":true,"href":"https:\/\/www.messinaoggi.it\/website\/wp-json\/wp\/v2\/tags?post=230219"}],"curies":[{"name":"wp","href":"https:\/\/api.w.org\/{rel}","templated":true}]}}