{"id":230217,"date":"2025-03-01T10:05:39","date_gmt":"2025-03-01T09:05:39","guid":{"rendered":"https:\/\/www.messinaoggi.it\/website\/2025\/03\/01\/turchia-il-pkk-annuncia-il-cessate-il-fuoco\/"},"modified":"2025-03-01T10:05:39","modified_gmt":"2025-03-01T09:05:39","slug":"turchia-il-pkk-annuncia-il-cessate-il-fuoco","status":"publish","type":"post","link":"https:\/\/www.messinaoggi.it\/website\/2025\/03\/01\/turchia-il-pkk-annuncia-il-cessate-il-fuoco\/","title":{"rendered":"Turchia, il Pkk annuncia il cessate il fuoco"},"content":{"rendered":"<div>ROMA (ITALPRESS) &#8211; I militanti curdi del Partito dei Lavoratori del Kurdistan (PKK) hanno annunciato un cessate il fuoco con la Turchia, dopo l&#8217;appello lanciato del loro leader Abdullah Ocalan, in cui invitava il gruppo a sciogliersi.<br \/>\nCome reso noto dall&#8217;agenzia di stampa Anf, il Pkk in una dichiarazione sottolinea che &#8220;la dichiarazione del leader Abdullah O&#8217;calan del 27 febbraio scorso \u00e8 un manifesto che illumina il cammino di tutte le forze della libert\u00e0 e della democrazia. Rendiamo omaggio al leader Apo per aver fornito al nostro popolo e all&#8217;umanit\u00e0 un manifesto di societ\u00e0 democratica.<br \/>\nIn questo contesto dichiariamo un cessate il fuoco effettivo da oggi, per spianare la strada all&#8217;attuazione dell&#8217;appello del leader Apo per la pace e una societ\u00e0 democratica. Nessuna delle nostre forze intraprender\u00e0 un&#8217;azione armata a meno che non venga attaccata&#8221;. Nella dichiarazione, inoltre, il Pkk sottolinea come &#8220;solo la leadership pratica del leader Apo pu\u00f2 rendere pratiche questioni come il disarmo. L&#8217;appello del leader Apo non \u00e8 certamente una fine, ma piuttosto un nuovo inizio. E&#8217; di importanza storica affrontare il contenuto dell&#8217;appello con grande responsabilit\u00e0 e seriet\u00e0 e attuarlo con successo in ogni campo. Cerchiamo quindi di comprendere correttamente le caratteristiche di questo nuovo processo e di adempiere ai suoi compiti con successo&#8221;.<br \/>\n(ITALPRESS).<br \/>\n-Foto: Ipa Agency-<\/div>\n<div id=\"div-gpt-ad-Messinaoggi.it-DSK-300x250-corpoart\" style=\"text-align:center;margin:0 auto;\"><\/div><\/p><div id=\"videoincontent\" style=\"clear:both\";><\/div>","protected":false},"excerpt":{"rendered":"<p>ROMA (ITALPRESS) &#8211; I militanti curdi del Partito dei Lavoratori del Kurdistan (PKK) hanno annunciato un cessate il fuoco con la Turchia, dopo l&#8217;appello lanciato del loro leader Abdullah Ocalan, in cui invitava il gruppo a sciogliersi. Come reso noto dall&#8217;agenzia di stampa Anf, il Pkk in una dichiarazione sottolinea che &#8220;la dichiarazione del leader [&hellip;]<\/p>\n","protected":false},"author":18,"featured_media":230218,"comment_status":"closed","ping_status":"closed","sticky":false,"template":"","format":"standard","meta":{"ub_ctt_via":"","_mi_skip_tracking":false},"categories":[446],"tags":[783],"featured_image_src":"https:\/\/www.messinaoggi.it\/website\/wp-content\/uploads\/2025\/03\/20250301_0107.jpg","author_info":{"display_name":"Admin","author_link":"https:\/\/www.messinaoggi.it\/website\/author\/admin\/"},"digistream_id":0,"digistream":false,"_links":{"self":[{"href":"https:\/\/www.messinaoggi.it\/website\/wp-json\/wp\/v2\/posts\/230217"}],"collection":[{"href":"https:\/\/www.messinaoggi.it\/website\/wp-json\/wp\/v2\/posts"}],"about":[{"href":"https:\/\/www.messinaoggi.it\/website\/wp-json\/wp\/v2\/types\/post"}],"author":[{"embeddable":true,"href":"https:\/\/www.messinaoggi.it\/website\/wp-json\/wp\/v2\/users\/18"}],"replies":[{"embeddable":true,"href":"https:\/\/www.messinaoggi.it\/website\/wp-json\/wp\/v2\/comments?post=230217"}],"version-history":[{"count":0,"href":"https:\/\/www.messinaoggi.it\/website\/wp-json\/wp\/v2\/posts\/230217\/revisions"}],"wp:featuredmedia":[{"embeddable":true,"href":"https:\/\/www.messinaoggi.it\/website\/wp-json\/wp\/v2\/media\/230218"}],"wp:attachment":[{"href":"https:\/\/www.messinaoggi.it\/website\/wp-json\/wp\/v2\/media?parent=230217"}],"wp:term":[{"taxonomy":"category","embeddable":true,"href":"https:\/\/www.messinaoggi.it\/website\/wp-json\/wp\/v2\/categories?post=230217"},{"taxonomy":"post_tag","embeddable":true,"href":"https:\/\/www.messinaoggi.it\/website\/wp-json\/wp\/v2\/tags?post=230217"}],"curies":[{"name":"wp","href":"https:\/\/api.w.org\/{rel}","templated":true}]}}