{"id":230207,"date":"2025-03-01T00:09:14","date_gmt":"2025-02-28T23:09:14","guid":{"rendered":"https:\/\/www.messinaoggi.it\/website\/2025\/03\/01\/ucraina-meloni-ogni-divisione-delloccidente-ci-rende-piu-deboli\/"},"modified":"2025-03-01T00:09:14","modified_gmt":"2025-02-28T23:09:14","slug":"ucraina-meloni-ogni-divisione-delloccidente-ci-rende-piu-deboli","status":"publish","type":"post","link":"https:\/\/www.messinaoggi.it\/website\/2025\/03\/01\/ucraina-meloni-ogni-divisione-delloccidente-ci-rende-piu-deboli\/","title":{"rendered":"Ucraina, Meloni \u201cOgni divisione dell\u2019Occidente ci rende pi\u00f9 deboli\u201d"},"content":{"rendered":"<div>ROMA (ITALPRESS) &#8211; &#8220;Ogni divisione dell&#8217;Occidente ci rende tutti pi\u00f9 deboli e favorisce chi vorrebbe vedere il declino della nostra civilt\u00e0. Non del suo potere o della sua influenza, ma dei principi che l&#8217;hanno fondata, primo fra tutti la libert\u00e0. Una divisione non converrebbe a nessuno&#8221;. Lo afferma in una nota il presidente del Consiglio Giorgia Meloni.<br \/>&#8220;E&#8217; necessario un immediato vertice tra Stati Uniti, Stati europei e alleati per parlare in modo franco di come intendiamo affrontare le grandi sfide di oggi, a partire dall&#8217;Ucraina, che insieme abbiamo difeso in questi anni, e di quelle che saremo chiamati ad affrontare in futuro. E&#8217; la proposta che l&#8217;Italia intende fare ai suoi partner nelle prossime ore&#8221;, prosegue il premier.<div id=\"div-gpt-ad-Messinaoggi.it-DSK-300x250-corpoart\" style=\"text-align:center;margin:0 auto;\"><\/div><\/p>\n<p>&#8211; Foto IPA Agency &#8211;<div id=\"videoincontent\" style=\"clear:both\";><\/div><\/p>\n<p>(ITALPRESS).<\/p><\/div>\n","protected":false},"excerpt":{"rendered":"<p>ROMA (ITALPRESS) &#8211; &#8220;Ogni divisione dell&#8217;Occidente ci rende tutti pi\u00f9 deboli e favorisce chi vorrebbe vedere il declino della nostra civilt\u00e0. Non del suo potere o della sua influenza, ma dei principi che l&#8217;hanno fondata, primo fra tutti la libert\u00e0. Una divisione non converrebbe a nessuno&#8221;. Lo afferma in una nota il presidente del Consiglio [&hellip;]<\/p>\n","protected":false},"author":18,"featured_media":230208,"comment_status":"closed","ping_status":"closed","sticky":false,"template":"","format":"standard","meta":{"ub_ctt_via":"","_mi_skip_tracking":false},"categories":[446],"tags":[783],"featured_image_src":"https:\/\/www.messinaoggi.it\/website\/wp-content\/uploads\/2025\/03\/20250228_2750.jpg","author_info":{"display_name":"Admin","author_link":"https:\/\/www.messinaoggi.it\/website\/author\/admin\/"},"digistream_id":0,"digistream":false,"_links":{"self":[{"href":"https:\/\/www.messinaoggi.it\/website\/wp-json\/wp\/v2\/posts\/230207"}],"collection":[{"href":"https:\/\/www.messinaoggi.it\/website\/wp-json\/wp\/v2\/posts"}],"about":[{"href":"https:\/\/www.messinaoggi.it\/website\/wp-json\/wp\/v2\/types\/post"}],"author":[{"embeddable":true,"href":"https:\/\/www.messinaoggi.it\/website\/wp-json\/wp\/v2\/users\/18"}],"replies":[{"embeddable":true,"href":"https:\/\/www.messinaoggi.it\/website\/wp-json\/wp\/v2\/comments?post=230207"}],"version-history":[{"count":0,"href":"https:\/\/www.messinaoggi.it\/website\/wp-json\/wp\/v2\/posts\/230207\/revisions"}],"wp:featuredmedia":[{"embeddable":true,"href":"https:\/\/www.messinaoggi.it\/website\/wp-json\/wp\/v2\/media\/230208"}],"wp:attachment":[{"href":"https:\/\/www.messinaoggi.it\/website\/wp-json\/wp\/v2\/media?parent=230207"}],"wp:term":[{"taxonomy":"category","embeddable":true,"href":"https:\/\/www.messinaoggi.it\/website\/wp-json\/wp\/v2\/categories?post=230207"},{"taxonomy":"post_tag","embeddable":true,"href":"https:\/\/www.messinaoggi.it\/website\/wp-json\/wp\/v2\/tags?post=230207"}],"curies":[{"name":"wp","href":"https:\/\/api.w.org\/{rel}","templated":true}]}}