{"id":230203,"date":"2025-03-01T00:07:37","date_gmt":"2025-02-28T23:07:37","guid":{"rendered":"https:\/\/www.messinaoggi.it\/website\/2025\/03\/01\/ucraina-tajani-momento-delicato-servono-prudenza-e-nervi-saldi\/"},"modified":"2025-03-01T00:07:37","modified_gmt":"2025-02-28T23:07:37","slug":"ucraina-tajani-momento-delicato-servono-prudenza-e-nervi-saldi","status":"publish","type":"post","link":"https:\/\/www.messinaoggi.it\/website\/2025\/03\/01\/ucraina-tajani-momento-delicato-servono-prudenza-e-nervi-saldi\/","title":{"rendered":"Ucraina, Tajani \u201cMomento delicato, servono prudenza e nervi saldi\u201d"},"content":{"rendered":"<div>ROMA (ITALPRESS) &#8211; &#8220;E&#8217; un momento di grande tensione, per questo bisogna tenere i nervi saldi, reagire con grande calma e vedere quale sar\u00e0 l&#8217;evoluzione dopo questo colloquio che certamente non \u00e8 andato bene&#8221;. Lo ha detto il vicepremier e ministro degli Esteri Antonio Tajani a Zapping, su Radio Uno, commentando lo scontro alla Casa Bianca tra i presidenti di Usa e Ucraina Donald Trump e Volodymyr Zelensky.<br \/>&#8220;Vediamo come si sviluppa la situazione anche della trattativa eventuale che ci dovr\u00e0 essere tra Stati Uniti, Russia, Ucraina che ci dovr\u00e0 essere, cos\u00ec come l&#8217;Europa, che deve essere unita e parlare con una voce sola. Il momento \u00e8 delicato, dobbiamo essere molto prudenti, sono convinto che si risolve sempre la relazione tra Stati Uniti ed Europa, servono nervi saldi e prudenza&#8221;, ha aggiunto.<br \/>&#8220;Serve una pace giusta, ma \u00e8 tutto molto difficile, lo sapevamo dall&#8217;inizio, \u00e8 presto per dire quando arriver\u00e0 la pace, ci sono troppe variabili&#8221;, ha sottolineato il vicepremier, che ha aggiunto: &#8220;Trump ha detto anche ai russi che devono fare delle concessioni. La trattativa non \u00e8 ancora iniziata, siamo ai prodromi. Non si pu\u00f2 trattare senza l&#8217;Ucraina e senza l&#8217;Europa, bisogna essere molto prudenti e moderati, attenti a ci\u00f2 che si dice. Bisogna vigilare sulla situazione, e gli europei devono essere uniti, fughe in avanti di singoli Stati non servono&#8221;.<div id=\"div-gpt-ad-Messinaoggi.it-DSK-300x250-corpoart\" style=\"text-align:center;margin:0 auto;\"><\/div><\/p>\n<p>&#8211; Foto IPA Agency &#8211;<div id=\"videoincontent\" style=\"clear:both\";><\/div><\/p>\n<p>(ITALPRESS).<\/p><\/div>\n","protected":false},"excerpt":{"rendered":"<p>ROMA (ITALPRESS) &#8211; &#8220;E&#8217; un momento di grande tensione, per questo bisogna tenere i nervi saldi, reagire con grande calma e vedere quale sar\u00e0 l&#8217;evoluzione dopo questo colloquio che certamente non \u00e8 andato bene&#8221;. Lo ha detto il vicepremier e ministro degli Esteri Antonio Tajani a Zapping, su Radio Uno, commentando lo scontro alla Casa [&hellip;]<\/p>\n","protected":false},"author":18,"featured_media":230204,"comment_status":"closed","ping_status":"closed","sticky":false,"template":"","format":"standard","meta":{"ub_ctt_via":"","_mi_skip_tracking":false},"categories":[446],"tags":[783],"featured_image_src":"https:\/\/www.messinaoggi.it\/website\/wp-content\/uploads\/2025\/03\/20250228_2697.jpg","author_info":{"display_name":"Admin","author_link":"https:\/\/www.messinaoggi.it\/website\/author\/admin\/"},"digistream_id":0,"digistream":false,"_links":{"self":[{"href":"https:\/\/www.messinaoggi.it\/website\/wp-json\/wp\/v2\/posts\/230203"}],"collection":[{"href":"https:\/\/www.messinaoggi.it\/website\/wp-json\/wp\/v2\/posts"}],"about":[{"href":"https:\/\/www.messinaoggi.it\/website\/wp-json\/wp\/v2\/types\/post"}],"author":[{"embeddable":true,"href":"https:\/\/www.messinaoggi.it\/website\/wp-json\/wp\/v2\/users\/18"}],"replies":[{"embeddable":true,"href":"https:\/\/www.messinaoggi.it\/website\/wp-json\/wp\/v2\/comments?post=230203"}],"version-history":[{"count":0,"href":"https:\/\/www.messinaoggi.it\/website\/wp-json\/wp\/v2\/posts\/230203\/revisions"}],"wp:featuredmedia":[{"embeddable":true,"href":"https:\/\/www.messinaoggi.it\/website\/wp-json\/wp\/v2\/media\/230204"}],"wp:attachment":[{"href":"https:\/\/www.messinaoggi.it\/website\/wp-json\/wp\/v2\/media?parent=230203"}],"wp:term":[{"taxonomy":"category","embeddable":true,"href":"https:\/\/www.messinaoggi.it\/website\/wp-json\/wp\/v2\/categories?post=230203"},{"taxonomy":"post_tag","embeddable":true,"href":"https:\/\/www.messinaoggi.it\/website\/wp-json\/wp\/v2\/tags?post=230203"}],"curies":[{"name":"wp","href":"https:\/\/api.w.org\/{rel}","templated":true}]}}