{"id":230201,"date":"2025-03-01T00:06:26","date_gmt":"2025-02-28T23:06:26","guid":{"rendered":"https:\/\/www.messinaoggi.it\/website\/2025\/03\/01\/conte-5-aprile-in-piazza-non-vogliamo-italia-in-bolletta\/"},"modified":"2025-03-01T00:06:26","modified_gmt":"2025-02-28T23:06:26","slug":"conte-5-aprile-in-piazza-non-vogliamo-italia-in-bolletta","status":"publish","type":"post","link":"https:\/\/www.messinaoggi.it\/website\/2025\/03\/01\/conte-5-aprile-in-piazza-non-vogliamo-italia-in-bolletta\/","title":{"rendered":"Conte \u201c5 aprile in piazza, non vogliamo Italia in bolletta\u201d"},"content":{"rendered":"<div>ROMA (ITALPRESS) &#8211; &#8220;La situazione dell&#8217;Italia \u00e8 da allarme rosso: le famiglie sono sempre pi\u00f9 in difficolt\u00e0, stringono sempre pi\u00f9 la cinghia di fronte al caro vita e al caro bollette. C&#8217;\u00e8 un tracollo della produzione industriale, tante imprese rischiano di chiudere e il nostro governo insieme all&#8217;Europa pensa a programmare sempre nuove spese militari, ottenendo peraltro lo scorporo di queste spese dal Patto di stabilit\u00e0&#8221;. Cos\u00ec il leader del M5S Giuseppe Conte in un video sui social. &#8220;Si parla addirittura di 20 miliardi in pi\u00f9 solo per l&#8217;Italia per questa corsa al riarmo &#8211; prosegue Conte -. Al governo diciamo di fermarsi: abbiamo bisogno di investimenti nella sanit\u00e0, nell&#8217;istruzione, nella scuola, nel capitale umano, nella ricerca, nell&#8217;innovazione. Per questo dobbiamo dire no a questo governo e ritrovarci il 5 aprile qui a Roma: non vogliamo un&#8217;Italia in bolletta&#8221;.<div id=\"div-gpt-ad-Messinaoggi.it-DSK-300x250-corpoart\" style=\"text-align:center;margin:0 auto;\"><\/div><\/p>\n<p>&#8211; Foto IPA Agency &#8211;<div id=\"videoincontent\" style=\"clear:both\";><\/div><\/p>\n<p>(ITALPRESS).<\/p><\/div>\n","protected":false},"excerpt":{"rendered":"<p>ROMA (ITALPRESS) &#8211; &#8220;La situazione dell&#8217;Italia \u00e8 da allarme rosso: le famiglie sono sempre pi\u00f9 in difficolt\u00e0, stringono sempre pi\u00f9 la cinghia di fronte al caro vita e al caro bollette. C&#8217;\u00e8 un tracollo della produzione industriale, tante imprese rischiano di chiudere e il nostro governo insieme all&#8217;Europa pensa a programmare sempre nuove spese militari, [&hellip;]<\/p>\n","protected":false},"author":18,"featured_media":230202,"comment_status":"closed","ping_status":"closed","sticky":false,"template":"","format":"standard","meta":{"ub_ctt_via":"","_mi_skip_tracking":false},"categories":[446],"tags":[783],"featured_image_src":"https:\/\/www.messinaoggi.it\/website\/wp-content\/uploads\/2025\/03\/20250228_2603.jpg","author_info":{"display_name":"Admin","author_link":"https:\/\/www.messinaoggi.it\/website\/author\/admin\/"},"digistream_id":0,"digistream":false,"_links":{"self":[{"href":"https:\/\/www.messinaoggi.it\/website\/wp-json\/wp\/v2\/posts\/230201"}],"collection":[{"href":"https:\/\/www.messinaoggi.it\/website\/wp-json\/wp\/v2\/posts"}],"about":[{"href":"https:\/\/www.messinaoggi.it\/website\/wp-json\/wp\/v2\/types\/post"}],"author":[{"embeddable":true,"href":"https:\/\/www.messinaoggi.it\/website\/wp-json\/wp\/v2\/users\/18"}],"replies":[{"embeddable":true,"href":"https:\/\/www.messinaoggi.it\/website\/wp-json\/wp\/v2\/comments?post=230201"}],"version-history":[{"count":0,"href":"https:\/\/www.messinaoggi.it\/website\/wp-json\/wp\/v2\/posts\/230201\/revisions"}],"wp:featuredmedia":[{"embeddable":true,"href":"https:\/\/www.messinaoggi.it\/website\/wp-json\/wp\/v2\/media\/230202"}],"wp:attachment":[{"href":"https:\/\/www.messinaoggi.it\/website\/wp-json\/wp\/v2\/media?parent=230201"}],"wp:term":[{"taxonomy":"category","embeddable":true,"href":"https:\/\/www.messinaoggi.it\/website\/wp-json\/wp\/v2\/categories?post=230201"},{"taxonomy":"post_tag","embeddable":true,"href":"https:\/\/www.messinaoggi.it\/website\/wp-json\/wp\/v2\/tags?post=230201"}],"curies":[{"name":"wp","href":"https:\/\/api.w.org\/{rel}","templated":true}]}}