{"id":230078,"date":"2025-02-28T12:28:09","date_gmt":"2025-02-28T11:28:09","guid":{"rendered":"http:\/\/www.messinaoggi.it\/website\/?p=230078"},"modified":"2025-02-28T12:31:47","modified_gmt":"2025-02-28T11:31:47","slug":"atm-ripristinata-la-fermata-cavour-soddisfatti-carbone-e-buda","status":"publish","type":"post","link":"https:\/\/www.messinaoggi.it\/website\/2025\/02\/28\/atm-ripristinata-la-fermata-cavour-soddisfatti-carbone-e-buda\/","title":{"rendered":"Atm, ripristinata la fermata Cavour, soddisfatti Carbone e Buda"},"content":{"rendered":"\n<p>\u00c8 stata ripristinata la fermata Corso Cavour per i bus di linea urbana Atm. Ne danno notizia il consigliere comunale di Fratelli d&#8217;Italia <strong>Dario Carbone <\/strong>e la vicepresidente della IV Municipalit\u00e0 <strong>Debora Buda<\/strong> (anch&#8217;essa FdI), entrambi soddisfatti. <div id=\"div-gpt-ad-Messinaoggi.it-DSK-300x250-corpoart\" style=\"text-align:center;margin:0 auto;\"><\/div><\/p>\n\n\n\n<p>\u201cApprendo con gioia che l\u2019ATM Spa ha deciso (dopo numerosi solleciti formali ed informali tra cui la presentazione di una petizione sottoscritta da un centinaio tra cittadini, residenti e fruitori del servizio) di reintrodurre la  storica fermata per i bus di linea urbana (ATM) in Corso Cavour a Messina\u201d dichiara Dario Carbone.<div id=\"videoincontent\" style=\"clear:both\";><\/div><\/p>\n\n\n\n<p>\u201cConsiderata infatti la distanza importante rispetto alle fermate precedenti e successive e la necessit\u00e0 rappresentata dai tanti fruitori del servizio, in gran parte anziani che utilizzano con piacere il mezzo pubblico, \u00e8 da apprezzare la reintroduzione della fermata in commento anche alla luce del fatto che (con riferimento alla viabilit\u00e0 della zona ed all\u2019assenza cronica di parcheggi) la suddetta fermata non ridurrebbe gli stalli di sosta previsti sul Corso Cavour\u201d continua Carbone.<\/p>\n\n\n\n<p>\u201cAuspico che la suddetta fermata, per anni utilizzata anche dai bus di linea extraurbana, possa tornare ad essere punto di riferimento per i tanti pendolari che ogni giorno viaggiano da e per Messina\u201d conclude Carbone.<\/p>\n\n\n\n<p>&#8220;Finalmente torner\u00e0 operativa la storica fermata ATM pre-esistente sul Corso Cavour come da me richiesto. La fermata serviva una utenza numerosa e sar\u00e0 nuovamente attiva, consentendo di decongestionare la fermata fronte Universit\u00e0. Grazie al Vicesindaco Mondello ed alla Presidente di ATM Grillo&#8221; afferma Debora Buda. <\/p>\n","protected":false},"excerpt":{"rendered":"<p>\u00c8 stata ripristinata la fermata Corso Cavour per i bus di linea urbana Atm. Ne danno notizia il consigliere comunale di Fratelli d&#8217;Italia Dario Carbone e la vicepresidente della IV Municipalit\u00e0 Debora Buda (anch&#8217;essa FdI), entrambi soddisfatti. \u201cApprendo con gioia che l\u2019ATM Spa ha deciso (dopo numerosi solleciti formali ed informali tra cui la presentazione [&hellip;]<\/p>\n","protected":false},"author":15,"featured_media":230083,"comment_status":"open","ping_status":"open","sticky":false,"template":"","format":"standard","meta":{"ub_ctt_via":"","_mi_skip_tracking":false},"categories":[5,6],"tags":[2092,1493,3756,3901,4196],"featured_image_src":"https:\/\/www.messinaoggi.it\/website\/wp-content\/uploads\/2025\/02\/FB_IMG_1740741967619-e1740742072983.jpg","author_info":{"display_name":"red.me","author_link":"https:\/\/www.messinaoggi.it\/website\/author\/red-me\/"},"digistream_id":0,"digistream":false,"_links":{"self":[{"href":"https:\/\/www.messinaoggi.it\/website\/wp-json\/wp\/v2\/posts\/230078"}],"collection":[{"href":"https:\/\/www.messinaoggi.it\/website\/wp-json\/wp\/v2\/posts"}],"about":[{"href":"https:\/\/www.messinaoggi.it\/website\/wp-json\/wp\/v2\/types\/post"}],"author":[{"embeddable":true,"href":"https:\/\/www.messinaoggi.it\/website\/wp-json\/wp\/v2\/users\/15"}],"replies":[{"embeddable":true,"href":"https:\/\/www.messinaoggi.it\/website\/wp-json\/wp\/v2\/comments?post=230078"}],"version-history":[{"count":5,"href":"https:\/\/www.messinaoggi.it\/website\/wp-json\/wp\/v2\/posts\/230078\/revisions"}],"predecessor-version":[{"id":230084,"href":"https:\/\/www.messinaoggi.it\/website\/wp-json\/wp\/v2\/posts\/230078\/revisions\/230084"}],"wp:featuredmedia":[{"embeddable":true,"href":"https:\/\/www.messinaoggi.it\/website\/wp-json\/wp\/v2\/media\/230083"}],"wp:attachment":[{"href":"https:\/\/www.messinaoggi.it\/website\/wp-json\/wp\/v2\/media?parent=230078"}],"wp:term":[{"taxonomy":"category","embeddable":true,"href":"https:\/\/www.messinaoggi.it\/website\/wp-json\/wp\/v2\/categories?post=230078"},{"taxonomy":"post_tag","embeddable":true,"href":"https:\/\/www.messinaoggi.it\/website\/wp-json\/wp\/v2\/tags?post=230078"}],"curies":[{"name":"wp","href":"https:\/\/api.w.org\/{rel}","templated":true}]}}